{"id":43669,"date":"2018-11-16T09:47:05","date_gmt":"2018-11-16T12:47:05","guid":{"rendered":"https:\/\/eldiariodesanpedro.com.ar\/sitio\/?p=43669"},"modified":"2018-11-16T09:47:05","modified_gmt":"2018-11-16T12:47:05","slug":"el-partido-justicialista-celebra-el-dia-del-militante-con-entrega-de-premios-y-un-show-musical-a-cargo-de-el-gordo-luis","status":"publish","type":"post","link":"https:\/\/eldiariodesanpedro.com.ar\/sitio\/el-partido-justicialista-celebra-el-dia-del-militante-con-entrega-de-premios-y-un-show-musical-a-cargo-de-el-gordo-luis\/","title":{"rendered":"El Partido Justicialista celebra el Dia del Militante con entrega de premios y un show musical a cargo de \u00abEl Gordo Luis\u00bb"},"content":{"rendered":"<p><!-- VideographyWP Plugin Message: Automatic video embedding prevented by plugin options. --><br \/>\nLos simpatizantes del peronismo celebran este 17 de noviembre como el \u00abd\u00eda del militante\u00bb. El espacio que conduce el titular de SEDA Mauricio Preiti, organizara un evento este viernes en el Club de Defensores Unidos,  con cena, premios y show art\u00edstico. Tambi\u00e9n el partido de Miles, que tiene como representante a Tony Correa, convocar\u00e1n por otra parte un acto en la Plaza de los Ca\u00f1ones, por la tarde noche del sabado.<\/p>\n<p>La jornada a cargo del partido Justicialista, ser\u00e1 en San Martin al 1300, donde comenzar\u00e1 a las 21hs de este vienes, incluir\u00e1 la distinci\u00f3n a hist\u00f3ricos militantes justicialistas, con m\u00e1s de 60 diplomas a ser entregados. El cierre sera a cargo de un reconocido cantante de la movida tropical, \u00abEl Gordo Luis\u00bb.<\/p>\n<p>Por otro lado, el sabado a las 19 hs, el partido \u00abMiles\u00bb tambi\u00e9n har\u00e1 una particip\u00e0cion a este d\u00eda, convocando a un acto en la Plaza de los Ca\u00f1ones. <\/p>\n<p>Se trata de la conmemoraci\u00f3n del 17 de noviembre de 1972, fecha en el que el general Juan Domingo Per\u00f3n volv\u00eda a la Argentina tras 18 a\u00f1os de exilio, luego del golpe de Estado conocido como \u00abRevoluci\u00f3n Libertadora\u00bb que tuvo lugar en septiembre de 1955. Era la primera vuelta, mas no la definitiva del l\u00edder justicialista, que se instalar\u00eda finalmente en el pa\u00eds desde el 20 de junio de 1973, cuando H\u00e9ctor J. C\u00e1mpora ya hab\u00eda asumido la presidencia.<\/p>\n<p>Su retorno marcaba el final de un ciclo pol\u00edtico. Otro gobierno de facto, conocido como \u00abRevoluci\u00f3n Argentina\u00bb y que hab\u00eda comenzado en 1966, comenzaba a resquebrajarse por la situaci\u00f3n econ\u00f3mica junto con la cada vez m\u00e1s conflictiva situaci\u00f3n pol\u00edtica a la que intent\u00f3 disciplinar sin \u00e9xito a base de represi\u00f3n. La vuelta de Per\u00f3n era todo un s\u00edmbolo.<\/p>\n<p>Un a\u00f1o despu\u00e9s, Per\u00f3n triunfar\u00eda acompa\u00f1ado por su esposa, \u00abIsabelita\u00bb, en las elecciones de septiembre. Gobernar\u00eda hasta su muerte, ocurrida el 1 de julio de 1974. La \u00abprimavera peronista\u00bb dur\u00f3 poco: en marzo de 1976, los militares volv\u00edan a tomar el poder con el que es el \u00faltimo golpe de Estado que vivi\u00f3 la Argentina hasta este momento.<\/p>\n<p><img decoding=\"async\" data-attachment-id=\"43670\" data-permalink=\"https:\/\/eldiariodesanpedro.com.ar\/sitio\/el-partido-justicialista-celebra-el-dia-del-militante-con-entrega-de-premios-y-un-show-musical-a-cargo-de-el-gordo-luis\/attachment\/0000282903\/\" data-orig-file=\"https:\/\/eldiariodesanpedro.com.ar\/sitio\/wp-content\/uploads\/2018\/11\/0000282903.jpg\" data-orig-size=\"770,471\" data-comments-opened=\"1\" data-image-meta=\"{&quot;aperture&quot;:&quot;0&quot;,&quot;credit&quot;:&quot;&quot;,&quot;camera&quot;:&quot;&quot;,&quot;caption&quot;:&quot;&quot;,&quot;created_timestamp&quot;:&quot;0&quot;,&quot;copyright&quot;:&quot;&quot;,&quot;focal_length&quot;:&quot;0&quot;,&quot;iso&quot;:&quot;0&quot;,&quot;shutter_speed&quot;:&quot;0&quot;,&quot;title&quot;:&quot;&quot;,&quot;orientation&quot;:&quot;0&quot;}\" data-image-title=\"0000282903\" data-image-description=\"\" data-image-caption=\"\" data-large-file=\"https:\/\/eldiariodesanpedro.com.ar\/sitio\/wp-content\/uploads\/2018\/11\/0000282903.jpg\" data-src=\"https:\/\/eldiariodesanpedro.com.ar\/sitio\/wp-content\/uploads\/2018\/11\/0000282903.jpg\" alt=\"\" width=\"770\" height=\"471\" class=\"alignnone size-full wp-image-43670 lazyload\" data-srcset=\"https:\/\/eldiariodesanpedro.com.ar\/sitio\/wp-content\/uploads\/2018\/11\/0000282903.jpg 770w, https:\/\/eldiariodesanpedro.com.ar\/sitio\/wp-content\/uploads\/2018\/11\/0000282903-300x184.jpg 300w, https:\/\/eldiariodesanpedro.com.ar\/sitio\/wp-content\/uploads\/2018\/11\/0000282903-768x470.jpg 768w\" data-sizes=\"(max-width: 770px) 100vw, 770px\" src=\"data:image\/svg+xml;base64,PHN2ZyB3aWR0aD0iMSIgaGVpZ2h0PSIxIiB4bWxucz0iaHR0cDovL3d3dy53My5vcmcvMjAwMC9zdmciPjwvc3ZnPg==\" style=\"--smush-placeholder-width: 770px; --smush-placeholder-aspect-ratio: 770\/471;\" \/><\/p>\n","protected":false},"excerpt":{"rendered":"<p>Los simpatizantes del peronismo celebran este 17 de noviembre como el \u00abd\u00eda del militante\u00bb. El espacio que conduce el titular de SEDA Mauricio Preiti, organizara un evento este viernes en el Club de Defensores Unidos, con cena, premios y show art\u00edstico. Tambi\u00e9n el partido de Miles, que tiene como representante a Tony Correa, convocar\u00e1n por [&hellip;]<\/p>\n","protected":false},"author":4,"featured_media":43671,"comment_status":"open","ping_status":"closed","sticky":false,"template":"","format":"standard","meta":{"om_disable_all_campaigns":false,"_jetpack_memberships_contains_paid_content":false,"footnotes":""},"categories":[2,102],"tags":[],"class_list":["post-43669","post","type-post","status-publish","format-standard","has-post-thumbnail","hentry","category-locales","category-politica-locales"],"aioseo_notices":[],"gutentor_comment":0,"jetpack_featured_media_url":"https:\/\/eldiariodesanpedro.com.ar\/sitio\/wp-content\/uploads\/2018\/11\/0000870656.jpg","jetpack_shortlink":"https:\/\/wp.me\/p6RhLt-bml","jetpack_sharing_enabled":true,"_links":{"self":[{"href":"https:\/\/eldiariodesanpedro.com.ar\/sitio\/wp-json\/wp\/v2\/posts\/43669","targetHints":{"allow":["GET"]}}],"collection":[{"href":"https:\/\/eldiariodesanpedro.com.ar\/sitio\/wp-json\/wp\/v2\/posts"}],"about":[{"href":"https:\/\/eldiariodesanpedro.com.ar\/sitio\/wp-json\/wp\/v2\/types\/post"}],"author":[{"embeddable":true,"href":"https:\/\/eldiariodesanpedro.com.ar\/sitio\/wp-json\/wp\/v2\/users\/4"}],"replies":[{"embeddable":true,"href":"https:\/\/eldiariodesanpedro.com.ar\/sitio\/wp-json\/wp\/v2\/comments?post=43669"}],"version-history":[{"count":1,"href":"https:\/\/eldiariodesanpedro.com.ar\/sitio\/wp-json\/wp\/v2\/posts\/43669\/revisions"}],"predecessor-version":[{"id":43672,"href":"https:\/\/eldiariodesanpedro.com.ar\/sitio\/wp-json\/wp\/v2\/posts\/43669\/revisions\/43672"}],"wp:featuredmedia":[{"embeddable":true,"href":"https:\/\/eldiariodesanpedro.com.ar\/sitio\/wp-json\/wp\/v2\/media\/43671"}],"wp:attachment":[{"href":"https:\/\/eldiariodesanpedro.com.ar\/sitio\/wp-json\/wp\/v2\/media?parent=43669"}],"wp:term":[{"taxonomy":"category","embeddable":true,"href":"https:\/\/eldiariodesanpedro.com.ar\/sitio\/wp-json\/wp\/v2\/categories?post=43669"},{"taxonomy":"post_tag","embeddable":true,"href":"https:\/\/eldiariodesanpedro.com.ar\/sitio\/wp-json\/wp\/v2\/tags?post=43669"}],"curies":[{"name":"wp","href":"https:\/\/api.w.org\/{rel}","templated":true}]}}