{"id":43661,"date":"2018-11-16T09:11:49","date_gmt":"2018-11-16T12:11:49","guid":{"rendered":"https:\/\/eldiariodesanpedro.com.ar\/sitio\/?p=43661"},"modified":"2018-11-16T09:16:15","modified_gmt":"2018-11-16T12:16:15","slug":"aumento-de-tasas-hubo-solo-una-inscripcion-voluntaria-se-trata-de-una-docente","status":"publish","type":"post","link":"https:\/\/eldiariodesanpedro.com.ar\/sitio\/aumento-de-tasas-hubo-solo-una-inscripcion-voluntaria-se-trata-de-una-docente\/","title":{"rendered":"Aumento de Tasas: Hubo solo una inscripci\u00f3n voluntaria para mayores contribuyentes, se tratar\u00eda de una docente"},"content":{"rendered":"<p><!-- VideographyWP Plugin Message: Automatic video embedding prevented by plugin options. --><br \/>\nEn la ma\u00f1ana del jueves, ingres\u00f3 al Concejo Deliberante el listado de Mayores Contribuyentes, que este a\u00f1o hubo s\u00f3lo una inscripci\u00f3n voluntaria, se tratara de una docente, Liliana Montero, profesora reconocida de Historia.<\/p>\n<p>El listado nunca ha llegado a ser por contribuyentes voluntarios completamente, cada a\u00f1o termina quedando integrada por familiares o empleados de los concejales. El rol de los mayores contribuyentes es decisivo para crear y aumentar tributos o para autorizar endeudamientos del municipio.<\/p>\n<p>El mecanismo de selecci\u00f3n est\u00e1 establecido en la Ley Org\u00e1nica de las Municipalidades, que en su art\u00edculo 94, exige que los municipios abran un registro para que cualquier vecino que quiera ser mayor contribuyente pueda postularse.<\/p>\n<p>Ese registro deber\u00e1 estar abierto antes de que se inicie este proceso y debe tomar estado p\u00fablico para  que cualquier persona interesada en involucrarse en el debate sobre la econom\u00eda y las finanzas municipales pueda anotarse hasta esa fecha.<\/p>\n<p>En nuestra ciudad solo una docente fue voluntaria, por otra parte el Ejecutivo remiti\u00f3 la lista que est\u00e1 integrada por: Ernesto Gordillo, Eduardo Birador, Adri\u00e1n S\u00e1nchez, Estela P\u00e9rez, Ver\u00f3nica Almada, H\u00e9ctor D\u00edaz, Jorge Alberto D&#8217;Andrea, Domingo Mallol, Mar\u00eda Julia Cuels, Gustavo Calvet, Bruno Sciarra, Roberto Taurizan, Carlos Jaime, Ariel Tettamanti, Jos\u00e9 Gorosito, Omar Amigo, Sergi Ferragut, Ra\u00fal Sabbioni, Norberto Porta, Ricardo Giallorenzi, Aldo Masaglia, Juan Cruz Tonelli, Iv\u00e1n Juan Bennazar y Cristina Torres.<\/p>\n<p>El Concejo Deliberante deber\u00e1 fijar fecha de sesi\u00f3n extraordinaria para aprobar el listado, mientras se aguarda conocer el n\u00famero que propondr\u00e1 el Ejecutivo para el incremento de cara al 2019.<\/p>\n","protected":false},"excerpt":{"rendered":"<p>En la ma\u00f1ana del jueves, ingres\u00f3 al Concejo Deliberante el listado de Mayores Contribuyentes, que este a\u00f1o hubo s\u00f3lo una inscripci\u00f3n voluntaria, se tratara de una docente, Liliana Montero, profesora reconocida de Historia. El listado nunca ha llegado a ser por contribuyentes voluntarios completamente, cada a\u00f1o termina quedando integrada por familiares o empleados de los [&hellip;]<\/p>\n","protected":false},"author":4,"featured_media":43662,"comment_status":"open","ping_status":"closed","sticky":false,"template":"","format":"standard","meta":{"om_disable_all_campaigns":false,"_jetpack_memberships_contains_paid_content":false,"footnotes":""},"categories":[50,101,2],"tags":[],"class_list":["post-43661","post","type-post","status-publish","format-standard","has-post-thumbnail","hentry","category-destacadas","category-interes-general-locales","category-locales"],"aioseo_notices":[],"gutentor_comment":0,"jetpack_featured_media_url":"https:\/\/eldiariodesanpedro.com.ar\/sitio\/wp-content\/uploads\/2018\/11\/20180913_101247.jpg","jetpack_shortlink":"https:\/\/wp.me\/p6RhLt-bmd","jetpack_sharing_enabled":true,"_links":{"self":[{"href":"https:\/\/eldiariodesanpedro.com.ar\/sitio\/wp-json\/wp\/v2\/posts\/43661","targetHints":{"allow":["GET"]}}],"collection":[{"href":"https:\/\/eldiariodesanpedro.com.ar\/sitio\/wp-json\/wp\/v2\/posts"}],"about":[{"href":"https:\/\/eldiariodesanpedro.com.ar\/sitio\/wp-json\/wp\/v2\/types\/post"}],"author":[{"embeddable":true,"href":"https:\/\/eldiariodesanpedro.com.ar\/sitio\/wp-json\/wp\/v2\/users\/4"}],"replies":[{"embeddable":true,"href":"https:\/\/eldiariodesanpedro.com.ar\/sitio\/wp-json\/wp\/v2\/comments?post=43661"}],"version-history":[{"count":3,"href":"https:\/\/eldiariodesanpedro.com.ar\/sitio\/wp-json\/wp\/v2\/posts\/43661\/revisions"}],"predecessor-version":[{"id":43665,"href":"https:\/\/eldiariodesanpedro.com.ar\/sitio\/wp-json\/wp\/v2\/posts\/43661\/revisions\/43665"}],"wp:featuredmedia":[{"embeddable":true,"href":"https:\/\/eldiariodesanpedro.com.ar\/sitio\/wp-json\/wp\/v2\/media\/43662"}],"wp:attachment":[{"href":"https:\/\/eldiariodesanpedro.com.ar\/sitio\/wp-json\/wp\/v2\/media?parent=43661"}],"wp:term":[{"taxonomy":"category","embeddable":true,"href":"https:\/\/eldiariodesanpedro.com.ar\/sitio\/wp-json\/wp\/v2\/categories?post=43661"},{"taxonomy":"post_tag","embeddable":true,"href":"https:\/\/eldiariodesanpedro.com.ar\/sitio\/wp-json\/wp\/v2\/tags?post=43661"}],"curies":[{"name":"wp","href":"https:\/\/api.w.org\/{rel}","templated":true}]}}