{"id":43655,"date":"2018-11-15T20:52:44","date_gmt":"2018-11-15T23:52:44","guid":{"rendered":"https:\/\/eldiariodesanpedro.com.ar\/sitio\/?p=43655"},"modified":"2026-01-24T00:09:03","modified_gmt":"2026-01-24T03:09:03","slug":"circulo-de-periodistas-deportivos-manana-entrega-de-distinciones-en-el-bar-butti","status":"publish","type":"post","link":"https:\/\/eldiariodesanpedro.com.ar\/sitio\/circulo-de-periodistas-deportivos-manana-entrega-de-distinciones-en-el-bar-butti\/","title":{"rendered":"C\u00cdRCULO DE PERIODISTAS DEPORTIVOS: Ma\u00f1ana entrega de distinciones en el Bar Butti"},"content":{"rendered":"<p><!-- VideographyWP Plugin Message: Automatic video embedding prevented by plugin options. --><br \/>\nCuarta entrega de distinciones por parte del C\u00edrculo de Periodistas Deportivos de San Pedro, en esta oportunidad se llevar\u00e1 a cabo hoy a las 20:30 hs. en el Bar Butti, Mitre y Obligado.  <\/p>\n<p><em>Los deportistas que recibir\u00e1n distinciones son:<\/em><br \/>\nAtletismo: Rodrigo Salazar.-<br \/>\nB\u00e1squet: Benjam\u00edn Terr\u00e9 y Nehu\u00e9n Scarmozzino.-<br \/>\nCiclismo: Cristian Oscar Basualdo y L\u00e1zaro Villarruel.-<br \/>\nHockey: 5ta Divisi\u00f3n Club Atl\u00e9tico Los Andes.-<br \/>\nEquipo de Optimist Club N\u00e1utico San Pedro.-<br \/>\nRugby: Sub 16 Tiro Federal.-<\/p>\n<p><strong>Se viene la Perla Deportiva <\/strong><br \/>\nLa gran fiesta del deporte sampedrino, \u201cPerla Deportiva 2018\u201d se llevar\u00e1 a cabo en este orden; Mi\u00e9rcoles 12 de Diciembre en Sociedad Italiana se realizar\u00e1 la entrega de diplomas a ternados y el lunes 17 la fiesta del deporte en Club Sportivo La Esperanza. <\/p>\n","protected":false},"excerpt":{"rendered":"<p>Cuarta entrega de distinciones por parte del C\u00edrculo de Periodistas Deportivos de San Pedro, en esta oportunidad se llevar\u00e1 a cabo hoy a las 20:30 hs. en el Bar Butti, Mitre y Obligado. Los deportistas que recibir\u00e1n distinciones son: Atletismo: Rodrigo Salazar.- B\u00e1squet: Benjam\u00edn Terr\u00e9 y Nehu\u00e9n Scarmozzino.- Ciclismo: Cristian Oscar Basualdo y L\u00e1zaro Villarruel.- [&hellip;]<\/p>\n","protected":false},"author":4,"featured_media":4746,"comment_status":"open","ping_status":"closed","sticky":false,"template":"","format":"standard","meta":{"om_disable_all_campaigns":false,"_jetpack_memberships_contains_paid_content":false,"footnotes":""},"categories":[5],"tags":[],"class_list":["post-43655","post","type-post","status-publish","format-standard","has-post-thumbnail","hentry","category-deportes"],"aioseo_notices":[],"gutentor_comment":0,"jetpack_featured_media_url":"https:\/\/eldiariodesanpedro.com.ar\/sitio\/wp-content\/uploads\/2016\/05\/circulo.jpg","jetpack_shortlink":"https:\/\/wp.me\/p6RhLt-bm7","jetpack_sharing_enabled":true,"_links":{"self":[{"href":"https:\/\/eldiariodesanpedro.com.ar\/sitio\/wp-json\/wp\/v2\/posts\/43655","targetHints":{"allow":["GET"]}}],"collection":[{"href":"https:\/\/eldiariodesanpedro.com.ar\/sitio\/wp-json\/wp\/v2\/posts"}],"about":[{"href":"https:\/\/eldiariodesanpedro.com.ar\/sitio\/wp-json\/wp\/v2\/types\/post"}],"author":[{"embeddable":true,"href":"https:\/\/eldiariodesanpedro.com.ar\/sitio\/wp-json\/wp\/v2\/users\/4"}],"replies":[{"embeddable":true,"href":"https:\/\/eldiariodesanpedro.com.ar\/sitio\/wp-json\/wp\/v2\/comments?post=43655"}],"version-history":[{"count":1,"href":"https:\/\/eldiariodesanpedro.com.ar\/sitio\/wp-json\/wp\/v2\/posts\/43655\/revisions"}],"predecessor-version":[{"id":43659,"href":"https:\/\/eldiariodesanpedro.com.ar\/sitio\/wp-json\/wp\/v2\/posts\/43655\/revisions\/43659"}],"wp:featuredmedia":[{"embeddable":true,"href":"https:\/\/eldiariodesanpedro.com.ar\/sitio\/wp-json\/wp\/v2\/media\/4746"}],"wp:attachment":[{"href":"https:\/\/eldiariodesanpedro.com.ar\/sitio\/wp-json\/wp\/v2\/media?parent=43655"}],"wp:term":[{"taxonomy":"category","embeddable":true,"href":"https:\/\/eldiariodesanpedro.com.ar\/sitio\/wp-json\/wp\/v2\/categories?post=43655"},{"taxonomy":"post_tag","embeddable":true,"href":"https:\/\/eldiariodesanpedro.com.ar\/sitio\/wp-json\/wp\/v2\/tags?post=43655"}],"curies":[{"name":"wp","href":"https:\/\/api.w.org\/{rel}","templated":true}]}}