{"id":43644,"date":"2018-11-15T20:42:59","date_gmt":"2018-11-15T23:42:59","guid":{"rendered":"https:\/\/eldiariodesanpedro.com.ar\/sitio\/?p=43644"},"modified":"2018-11-15T20:42:59","modified_gmt":"2018-11-15T23:42:59","slug":"fallecio-en-el-accidente-del-kilometro-155-la-cultura-rosarina-conmovida-por-la-muerte-de-ignacio-benitez","status":"publish","type":"post","link":"https:\/\/eldiariodesanpedro.com.ar\/sitio\/fallecio-en-el-accidente-del-kilometro-155-la-cultura-rosarina-conmovida-por-la-muerte-de-ignacio-benitez\/","title":{"rendered":"FALLECIO EN EL ACCIDENTE DEL KIL\u00d3METRO 155: La cultura rosarina conmovida por la muerte de Ignacio Ben\u00edtez"},"content":{"rendered":"<p><!-- VideographyWP Plugin Message: Automatic video embedding prevented by plugin options. --><br \/>\nEl joven de 29 a\u00f1os era un brillante violinista que viajaba a Ezeiza a buscar a su novia rusa que llegaba al pa\u00eds. Ben\u00edtez conduc\u00eda la camioneta que se cruz\u00f3 de carril y fue embestida por un cami\u00f3n.<br \/>\nNi bien se supo del accidente y se advirti\u00f3 que en el veh\u00edculo siniestrado hab\u00eda un viol\u00edn, se presum\u00eda que quien result\u00f3 ser la v\u00edctima del tr\u00e1gico accidente ser\u00eda una persona ligada a la m\u00fasica. M\u00e1s tarde, cuando el cuerpo fue identificado y lo ocurrido comenz\u00f3 a trascender el \u00e1mbito en el que la v\u00edctima se rodeaba de amigos y compa\u00f1eros qued\u00f3 consternado.<br \/>\nSan Pedro Informa pudo establecer que Ignacio Ben\u00edtez, de tan solo 29 a\u00f1os, era un joven m\u00fasico rosarino muy querido en el ambiente.<br \/>\nSus compa\u00f1eros contaron que se perfeccionaba constantemente y en uno de sus viajes de estudio a Rusia conoci\u00f3 a quien actualmente era su novia. Pero el destino quiso que lo que ser\u00eda una historia de amor quedara trunco por esta tragedia ya que Ben\u00edtez, al momento de despistarse con su camioneta y perder la vida, se dirig\u00eda a Ezeiza a recibir a su novia rusa que viajaba para visitarlo.<br \/>\nSu pasi\u00f3n por el viol\u00edn lo llev\u00f3 a conformar distintas formaciones camaristas. Actualmente estudiaba en la Escuela de M\u00fasica de la Facultad de Humanidades y Artes de la Universidad Nacional de Rosario. \u201cEra un estudiante avanzado de viol\u00edn\u201d, contaron sus amigos.<br \/>\nEs por eso que debido a la sorpresiva desaparici\u00f3n de Ignacio Ben\u00edtez, el establecimiento educativo permanecer\u00e1 cerrado por duelo durante la jornada del jueves.<br \/>\nEl joven violinista conduc\u00eda una camioneta Chery Tiggo que al llegar al kil\u00f3metro 155 de la Ruta Nacional N\u00b0 9 se sali\u00f3 de la calzada, atraves\u00f3 todo el cantero central y en la mano contraria fue impactada por un cami\u00f3n que viajaba en sentido opuesto; Ben\u00edtez falleci\u00f3 en el acto. <\/p>\n<p>Fuente: San Pedro Informa<\/p>\n","protected":false},"excerpt":{"rendered":"<p>El joven de 29 a\u00f1os era un brillante violinista que viajaba a Ezeiza a buscar a su novia rusa que llegaba al pa\u00eds. Ben\u00edtez conduc\u00eda la camioneta que se cruz\u00f3 de carril y fue embestida por un cami\u00f3n. Ni bien se supo del accidente y se advirti\u00f3 que en el veh\u00edculo siniestrado hab\u00eda un viol\u00edn, [&hellip;]<\/p>\n","protected":false},"author":4,"featured_media":43645,"comment_status":"open","ping_status":"closed","sticky":false,"template":"","format":"standard","meta":{"om_disable_all_campaigns":false,"_jetpack_memberships_contains_paid_content":false,"footnotes":""},"categories":[621],"tags":[],"class_list":["post-43644","post","type-post","status-publish","format-standard","has-post-thumbnail","hentry","category-regionales"],"aioseo_notices":[],"gutentor_comment":0,"jetpack_featured_media_url":"https:\/\/eldiariodesanpedro.com.ar\/sitio\/wp-content\/uploads\/2018\/11\/PAGINA-7-5.jpg","jetpack_shortlink":"https:\/\/wp.me\/p6RhLt-blW","jetpack_sharing_enabled":true,"_links":{"self":[{"href":"https:\/\/eldiariodesanpedro.com.ar\/sitio\/wp-json\/wp\/v2\/posts\/43644","targetHints":{"allow":["GET"]}}],"collection":[{"href":"https:\/\/eldiariodesanpedro.com.ar\/sitio\/wp-json\/wp\/v2\/posts"}],"about":[{"href":"https:\/\/eldiariodesanpedro.com.ar\/sitio\/wp-json\/wp\/v2\/types\/post"}],"author":[{"embeddable":true,"href":"https:\/\/eldiariodesanpedro.com.ar\/sitio\/wp-json\/wp\/v2\/users\/4"}],"replies":[{"embeddable":true,"href":"https:\/\/eldiariodesanpedro.com.ar\/sitio\/wp-json\/wp\/v2\/comments?post=43644"}],"version-history":[{"count":1,"href":"https:\/\/eldiariodesanpedro.com.ar\/sitio\/wp-json\/wp\/v2\/posts\/43644\/revisions"}],"predecessor-version":[{"id":43647,"href":"https:\/\/eldiariodesanpedro.com.ar\/sitio\/wp-json\/wp\/v2\/posts\/43644\/revisions\/43647"}],"wp:featuredmedia":[{"embeddable":true,"href":"https:\/\/eldiariodesanpedro.com.ar\/sitio\/wp-json\/wp\/v2\/media\/43645"}],"wp:attachment":[{"href":"https:\/\/eldiariodesanpedro.com.ar\/sitio\/wp-json\/wp\/v2\/media?parent=43644"}],"wp:term":[{"taxonomy":"category","embeddable":true,"href":"https:\/\/eldiariodesanpedro.com.ar\/sitio\/wp-json\/wp\/v2\/categories?post=43644"},{"taxonomy":"post_tag","embeddable":true,"href":"https:\/\/eldiariodesanpedro.com.ar\/sitio\/wp-json\/wp\/v2\/tags?post=43644"}],"curies":[{"name":"wp","href":"https:\/\/api.w.org\/{rel}","templated":true}]}}