{"id":43641,"date":"2018-11-15T20:42:40","date_gmt":"2018-11-15T23:42:40","guid":{"rendered":"https:\/\/eldiariodesanpedro.com.ar\/sitio\/?p=43641"},"modified":"2018-11-15T20:42:40","modified_gmt":"2018-11-15T23:42:40","slug":"zarate-detienen-delincuentes-que-vendian-autopartes-de-vehiculos-robados","status":"publish","type":"post","link":"https:\/\/eldiariodesanpedro.com.ar\/sitio\/zarate-detienen-delincuentes-que-vendian-autopartes-de-vehiculos-robados\/","title":{"rendered":"ZARATE: Detienen delincuentes que vend\u00edan autopartes de veh\u00edculos robados"},"content":{"rendered":"<p><!-- VideographyWP Plugin Message: Automatic video embedding prevented by plugin options. --><br \/>\nEn horas de la noche del mi\u00e9rcoles, atraparon a dos hombres en medio de una transacci\u00f3n de venta en Av. Gallesio. La  moto desarmada hab\u00eda sido robada el martes y era ofrecida por grupos de compra-venta de redes sociales.<br \/>\nSeg\u00fan explicaron fuentes policiales, el due\u00f1o del rodado fue interceptado en inmediaciones de Ruta 9 por dos \u201cmotochorros\u201d, quienes lo obligaron a entregarle el veh\u00edculo a punta de pistola. Las tareas investigativas arrojaron resultados positivos al encontrar en Facebook la oferta del mismo veh\u00edculo a 6 mil pesos.<br \/>\nEfectivos encubiertos citaron a los vendedores en la YPF de Av. Gallesio e Hip\u00f3lito Yrigoyen y cuando comenzaron a bajar las partes del Volkswagen Bora, los detuvieron. Polic\u00eda Local y Comando Patrulla prestaron sus servicios en forma de colaboraci\u00f3n.  Uno de los sujetos result\u00f3 ser menor de edad, ambos quedaron a disposici\u00f3n de la Comisar\u00eda 1ra. Por su parte, el veh\u00edculo pose\u00eda impactos de bala en el capot y era investigado por delitos varios en la ciudad de Z\u00e1rate.<\/p>\n","protected":false},"excerpt":{"rendered":"<p>En horas de la noche del mi\u00e9rcoles, atraparon a dos hombres en medio de una transacci\u00f3n de venta en Av. Gallesio. La moto desarmada hab\u00eda sido robada el martes y era ofrecida por grupos de compra-venta de redes sociales. Seg\u00fan explicaron fuentes policiales, el due\u00f1o del rodado fue interceptado en inmediaciones de Ruta 9 por [&hellip;]<\/p>\n","protected":false},"author":4,"featured_media":24562,"comment_status":"open","ping_status":"closed","sticky":false,"template":"","format":"standard","meta":{"om_disable_all_campaigns":false,"_jetpack_memberships_contains_paid_content":false,"footnotes":""},"categories":[621],"tags":[],"class_list":["post-43641","post","type-post","status-publish","format-standard","has-post-thumbnail","hentry","category-regionales"],"aioseo_notices":[],"gutentor_comment":0,"jetpack_featured_media_url":"https:\/\/eldiariodesanpedro.com.ar\/sitio\/wp-content\/uploads\/2017\/10\/policia-patrulla-noche.jpg","jetpack_shortlink":"https:\/\/wp.me\/p6RhLt-blT","jetpack_sharing_enabled":true,"_links":{"self":[{"href":"https:\/\/eldiariodesanpedro.com.ar\/sitio\/wp-json\/wp\/v2\/posts\/43641","targetHints":{"allow":["GET"]}}],"collection":[{"href":"https:\/\/eldiariodesanpedro.com.ar\/sitio\/wp-json\/wp\/v2\/posts"}],"about":[{"href":"https:\/\/eldiariodesanpedro.com.ar\/sitio\/wp-json\/wp\/v2\/types\/post"}],"author":[{"embeddable":true,"href":"https:\/\/eldiariodesanpedro.com.ar\/sitio\/wp-json\/wp\/v2\/users\/4"}],"replies":[{"embeddable":true,"href":"https:\/\/eldiariodesanpedro.com.ar\/sitio\/wp-json\/wp\/v2\/comments?post=43641"}],"version-history":[{"count":2,"href":"https:\/\/eldiariodesanpedro.com.ar\/sitio\/wp-json\/wp\/v2\/posts\/43641\/revisions"}],"predecessor-version":[{"id":43648,"href":"https:\/\/eldiariodesanpedro.com.ar\/sitio\/wp-json\/wp\/v2\/posts\/43641\/revisions\/43648"}],"wp:featuredmedia":[{"embeddable":true,"href":"https:\/\/eldiariodesanpedro.com.ar\/sitio\/wp-json\/wp\/v2\/media\/24562"}],"wp:attachment":[{"href":"https:\/\/eldiariodesanpedro.com.ar\/sitio\/wp-json\/wp\/v2\/media?parent=43641"}],"wp:term":[{"taxonomy":"category","embeddable":true,"href":"https:\/\/eldiariodesanpedro.com.ar\/sitio\/wp-json\/wp\/v2\/categories?post=43641"},{"taxonomy":"post_tag","embeddable":true,"href":"https:\/\/eldiariodesanpedro.com.ar\/sitio\/wp-json\/wp\/v2\/tags?post=43641"}],"curies":[{"name":"wp","href":"https:\/\/api.w.org\/{rel}","templated":true}]}}