{"id":43638,"date":"2018-11-15T20:38:01","date_gmt":"2018-11-15T23:38:01","guid":{"rendered":"https:\/\/eldiariodesanpedro.com.ar\/sitio\/?p=43638"},"modified":"2018-11-15T20:38:01","modified_gmt":"2018-11-15T23:38:01","slug":"provincia-docentes-anuncian-nuevo-paro-para-el-martes","status":"publish","type":"post","link":"https:\/\/eldiariodesanpedro.com.ar\/sitio\/provincia-docentes-anuncian-nuevo-paro-para-el-martes\/","title":{"rendered":"PROVINCIA: Docentes anuncian nuevo paro para el martes"},"content":{"rendered":"<p><!-- VideographyWP Plugin Message: Automatic video embedding prevented by plugin options. --><br \/>\nEl paro del Frente de Unidad Docente Bonaerense ser\u00e1 el 20 de noviembre por veinticuatro horas. En reclamo por la falta de una nueva convocatoria para discutir las paritarias nacionales.<br \/>\nLos gremios que integran el Frente Gremial Docente bonaerense (Suteba, FEB, Udocba, Sadop y Amet) resolvieron hace minutos una nueva medida de fuerza, luego de una extensa reuni\u00f3n en la que barajaron varias alternativas, entre las que se contaba con un paro este mismo viernes.<br \/>\nEn el plenario se secretarios general del SUTEBA se resolvi\u00f3 este mi\u00e9rcoles \u201cprofundizar el plan de acci\u00f3n a consensuar con el resto de los integrantes del Frente de Unidad Docente\u201d. En la misma l\u00ednea, el Congreso de la FEB vot\u00f3 nuevas medidas de fuerza, a consensuar y confirmar fecha a la brevedad.<br \/>\n\u201cHay mucho malestar entre los docentes, que se evidencia en la decisi\u00f3n de profundizar la lucha, incluso ante las amenazas constantes que sufren en cada localidad y la persecuci\u00f3n por parte de representantes del Gobierno\u201d, indic\u00f3 la secretaria general del gremio Mirta Petrocini.<br \/>\nCon profundo malestar, record\u00f3 que \u201ca lo largo de todo el a\u00f1o hemos registrado un sinn\u00famero de inconvenientes dentro del sistema educativo, que provoca en los docentes desconcierto y enojo\u201d.<br \/>\nLa gobernadora Mar\u00eda Eugenia Vidal anunci\u00f3 d\u00edas atr\u00e1s que los volver\u00e1 a convocar \u201cantes de fin de a\u00f1o\u201d, aunque sin mayores precisiones. El \u00faltimo encuentro paritario fue durante la segunda semana de octubre. En aquel momento la Provincia ofreci\u00f3 un aumento del 30,7 % a octubre m\u00e1s un 1 % en concepto de material did\u00e1ctico y cl\u00e1usula de revisi\u00f3n en diciembre, que fue rechazada de plano por los gremios docentes.<br \/>\nEn el comienzo de esta semana se vivi\u00f3 un nuevo momento de tensi\u00f3n, despu\u00e9s de que Vidal dijera p\u00fablicamente que el sueldo de un docente es de $ 33 mil.<br \/>\nDe inmediato, los docentes salieron al cruce de la pol\u00e9mica declaraci\u00f3n. \u201cEl salario docente, reci\u00e9n ahora y despu\u00e9s de una lucha sostenida, es de $ 16.250\u201d, contrapuso Roberto Baradel.<br \/>\n\u201cNo s\u00e9 qu\u00e9 c\u00e1lculo hacen, porque no todos los maestros tienen dos cargos\u201d, sostuvo, por su parte, Petrocini, quien se\u00f1al\u00f3: \u201cNo sorprenden las declaraciones de la gobernadora, porque siempre son en contra de los maestros\u201d.<\/p>\n","protected":false},"excerpt":{"rendered":"<p>El paro del Frente de Unidad Docente Bonaerense ser\u00e1 el 20 de noviembre por veinticuatro horas. En reclamo por la falta de una nueva convocatoria para discutir las paritarias nacionales. Los gremios que integran el Frente Gremial Docente bonaerense (Suteba, FEB, Udocba, Sadop y Amet) resolvieron hace minutos una nueva medida de fuerza, luego de [&hellip;]<\/p>\n","protected":false},"author":4,"featured_media":6550,"comment_status":"open","ping_status":"closed","sticky":false,"template":"","format":"standard","meta":{"om_disable_all_campaigns":false,"_jetpack_memberships_contains_paid_content":false,"footnotes":""},"categories":[621],"tags":[],"class_list":["post-43638","post","type-post","status-publish","format-standard","has-post-thumbnail","hentry","category-regionales"],"aioseo_notices":[],"gutentor_comment":0,"jetpack_featured_media_url":"https:\/\/eldiariodesanpedro.com.ar\/sitio\/wp-content\/uploads\/2016\/07\/docentes-bonaerences.jpg","jetpack_shortlink":"https:\/\/wp.me\/p6RhLt-blQ","jetpack_sharing_enabled":true,"_links":{"self":[{"href":"https:\/\/eldiariodesanpedro.com.ar\/sitio\/wp-json\/wp\/v2\/posts\/43638","targetHints":{"allow":["GET"]}}],"collection":[{"href":"https:\/\/eldiariodesanpedro.com.ar\/sitio\/wp-json\/wp\/v2\/posts"}],"about":[{"href":"https:\/\/eldiariodesanpedro.com.ar\/sitio\/wp-json\/wp\/v2\/types\/post"}],"author":[{"embeddable":true,"href":"https:\/\/eldiariodesanpedro.com.ar\/sitio\/wp-json\/wp\/v2\/users\/4"}],"replies":[{"embeddable":true,"href":"https:\/\/eldiariodesanpedro.com.ar\/sitio\/wp-json\/wp\/v2\/comments?post=43638"}],"version-history":[{"count":2,"href":"https:\/\/eldiariodesanpedro.com.ar\/sitio\/wp-json\/wp\/v2\/posts\/43638\/revisions"}],"predecessor-version":[{"id":43643,"href":"https:\/\/eldiariodesanpedro.com.ar\/sitio\/wp-json\/wp\/v2\/posts\/43638\/revisions\/43643"}],"wp:featuredmedia":[{"embeddable":true,"href":"https:\/\/eldiariodesanpedro.com.ar\/sitio\/wp-json\/wp\/v2\/media\/6550"}],"wp:attachment":[{"href":"https:\/\/eldiariodesanpedro.com.ar\/sitio\/wp-json\/wp\/v2\/media?parent=43638"}],"wp:term":[{"taxonomy":"category","embeddable":true,"href":"https:\/\/eldiariodesanpedro.com.ar\/sitio\/wp-json\/wp\/v2\/categories?post=43638"},{"taxonomy":"post_tag","embeddable":true,"href":"https:\/\/eldiariodesanpedro.com.ar\/sitio\/wp-json\/wp\/v2\/tags?post=43638"}],"curies":[{"name":"wp","href":"https:\/\/api.w.org\/{rel}","templated":true}]}}