{"id":43630,"date":"2018-11-15T16:47:49","date_gmt":"2018-11-15T19:47:49","guid":{"rendered":"https:\/\/eldiariodesanpedro.com.ar\/sitio\/?p=43630"},"modified":"2018-11-15T16:47:49","modified_gmt":"2018-11-15T19:47:49","slug":"firma-de-un-subsidio-para-la-cancha-de-futbol-del-club-atletico-mitre","status":"publish","type":"post","link":"https:\/\/eldiariodesanpedro.com.ar\/sitio\/firma-de-un-subsidio-para-la-cancha-de-futbol-del-club-atletico-mitre\/","title":{"rendered":"Firma de un subsidio para la cancha de f\u00fatbol del Club Atl\u00e9tico Mitre"},"content":{"rendered":"<p><!-- VideographyWP Plugin Message: Automatic video embedding prevented by plugin options. --><br \/>\nComo resultado de las gestiones realizadas desde la Municipalidad de San Pedro y desde la Delegaci\u00f3n Regional del Ministerio de Desarrollo Social de la Naci\u00f3n, se firm\u00f3 este mediod\u00eda la documentaci\u00f3n a trav\u00e9s de la cual se otorgar\u00e1 un subsidio de 388 mil pesos al Club Atl\u00e9tico Mitre.<\/p>\n<p>En el acto estuvieron presentes el Director de Asistencia Institucional Andr\u00e9s Bonav\u00eda, el Secretario de Gobierno Silvio Corti en representaci\u00f3n del jefe comunal, el titular de la oficina de Desarrollo Social Jos\u00e9 Luis Franchini y el presidente de Mitre Germ\u00e1n Cod\u00f3, junto a otros representantes de los involucrados en la gesti\u00f3n.<\/p>\n<p>El compromiso asumido por el Intendente Salazar en todas aquellas acciones para respaldar a las instituciones deportivas encontr\u00f3 eco en este caso ya que el Club Mitre present\u00f3 toda la documentaci\u00f3n obligatoria para acceder al subsidio que adem\u00e1s deber\u00e1 ser rendido oportunamente.<\/p>\n<p>Los representantes del Club indicaron que el dinero ser\u00e1 utilizado para colocar el alambrado perimetral y otros materiales que delimitar\u00e1n el espacio en el que Mitre construir\u00e1 su cancha de f\u00fatbol en el predio de Caseros y R\u00f3mulo Na\u00f3n.<\/p>\n","protected":false},"excerpt":{"rendered":"<p>Como resultado de las gestiones realizadas desde la Municipalidad de San Pedro y desde la Delegaci\u00f3n Regional del Ministerio de Desarrollo Social de la Naci\u00f3n, se firm\u00f3 este mediod\u00eda la documentaci\u00f3n a trav\u00e9s de la cual se otorgar\u00e1 un subsidio de 388 mil pesos al Club Atl\u00e9tico Mitre. En el acto estuvieron presentes el Director [&hellip;]<\/p>\n","protected":false},"author":4,"featured_media":43631,"comment_status":"open","ping_status":"closed","sticky":false,"template":"","format":"standard","meta":{"om_disable_all_campaigns":false,"_jetpack_memberships_contains_paid_content":false,"footnotes":""},"categories":[101,2],"tags":[],"class_list":["post-43630","post","type-post","status-publish","format-standard","has-post-thumbnail","hentry","category-interes-general-locales","category-locales"],"aioseo_notices":[],"gutentor_comment":0,"jetpack_featured_media_url":"https:\/\/eldiariodesanpedro.com.ar\/sitio\/wp-content\/uploads\/2018\/11\/pastedImage-4.png","jetpack_shortlink":"https:\/\/wp.me\/p6RhLt-blI","jetpack_sharing_enabled":true,"_links":{"self":[{"href":"https:\/\/eldiariodesanpedro.com.ar\/sitio\/wp-json\/wp\/v2\/posts\/43630","targetHints":{"allow":["GET"]}}],"collection":[{"href":"https:\/\/eldiariodesanpedro.com.ar\/sitio\/wp-json\/wp\/v2\/posts"}],"about":[{"href":"https:\/\/eldiariodesanpedro.com.ar\/sitio\/wp-json\/wp\/v2\/types\/post"}],"author":[{"embeddable":true,"href":"https:\/\/eldiariodesanpedro.com.ar\/sitio\/wp-json\/wp\/v2\/users\/4"}],"replies":[{"embeddable":true,"href":"https:\/\/eldiariodesanpedro.com.ar\/sitio\/wp-json\/wp\/v2\/comments?post=43630"}],"version-history":[{"count":1,"href":"https:\/\/eldiariodesanpedro.com.ar\/sitio\/wp-json\/wp\/v2\/posts\/43630\/revisions"}],"predecessor-version":[{"id":43632,"href":"https:\/\/eldiariodesanpedro.com.ar\/sitio\/wp-json\/wp\/v2\/posts\/43630\/revisions\/43632"}],"wp:featuredmedia":[{"embeddable":true,"href":"https:\/\/eldiariodesanpedro.com.ar\/sitio\/wp-json\/wp\/v2\/media\/43631"}],"wp:attachment":[{"href":"https:\/\/eldiariodesanpedro.com.ar\/sitio\/wp-json\/wp\/v2\/media?parent=43630"}],"wp:term":[{"taxonomy":"category","embeddable":true,"href":"https:\/\/eldiariodesanpedro.com.ar\/sitio\/wp-json\/wp\/v2\/categories?post=43630"},{"taxonomy":"post_tag","embeddable":true,"href":"https:\/\/eldiariodesanpedro.com.ar\/sitio\/wp-json\/wp\/v2\/tags?post=43630"}],"curies":[{"name":"wp","href":"https:\/\/api.w.org\/{rel}","templated":true}]}}