{"id":43620,"date":"2018-11-15T11:21:31","date_gmt":"2018-11-15T14:21:31","guid":{"rendered":"https:\/\/eldiariodesanpedro.com.ar\/sitio\/?p=43620"},"modified":"2018-11-15T11:21:31","modified_gmt":"2018-11-15T14:21:31","slug":"museo-paleontologico-presentacion-de-un-dato-historico-vinculado-a-la-batalla-de-obligado","status":"publish","type":"post","link":"https:\/\/eldiariodesanpedro.com.ar\/sitio\/museo-paleontologico-presentacion-de-un-dato-historico-vinculado-a-la-batalla-de-obligado\/","title":{"rendered":"Museo Paleontol\u00f3gico: Presentaci\u00f3n de un dato hist\u00f3rico vinculado a la Batalla de Obligado"},"content":{"rendered":"<p><!-- VideographyWP Plugin Message: Automatic video embedding prevented by plugin options. --><br \/>\nEsta ma\u00f1ana el Director del Museo Paleontol\u00f3gico, Jose Luis Aguilar, brind\u00f3 una conferencia de prensa a los medios locales contando el brillante descubrimiento de un dato hist\u00f3rico de gran relevancia vinculado a la batalla de Vuelta de Obligado.<\/p>\n<p>Aqu\u00ed nos compartieron en lo escrito brind\u00e1ndonos detalles de qu\u00e9 se trata y de c\u00f3mo lo descubrieron:<\/p>\n<p> A 173 a\u00f1os del combate, revelan los nombres de los 17 hombres que armaron las bater\u00edas en la Vuelta de Obligado<\/p>\n<p>Faltaban seis d\u00edas para el combate en la Vuelta de Obligado. El General Lucio Mansilla escribia el parte con las novedades del d\u00eda a la Comandancia de Rosas, en Santos Lugares. Pero al finalizar su informe, un impulso interior lo llev\u00f3 a tomar otra hoja de papel y plasmar unas breves l\u00edneas y un pu\u00f1ado de nombres en la hoja. Como todo gran oficial quiso dejar por escrito el reconocimiento a los 17 hombres que hab\u00edan trabajado a destajo para armar las cuatro bater\u00edas de ca\u00f1ones en las barrancas del Paran\u00e1, en la costa de San Pedro.<\/p>\n<p>Catorce carpinteros y tres herreros. Todo el equipo de constructores que arm\u00f3 las bases, los parapetos y mont\u00f3 los ca\u00f1ones que combatir\u00edan ferozmente contra los enemigos anglo-franceses. La nota con el reconocimiento a aquellos hombres por parte de su Comandante fue enviada a Buenos Aires.<br \/>\nSin embargo, la historia se olvid\u00f3 de aquel papel y esos nombres permanecieron ocultos\u2026hasta hoy.<\/p>\n<p>La investigaci\u00f3n<\/p>\n<p>El Grupo Conservacionista de F\u00f3siles es el equipo que conduce al Museo Paleontol\u00f3gico de San Pedro. Hace un tiempo comenzaron una revisi\u00f3n profunda de los documentos vinculados a la batalla de Obligado, que se resguardan en diferentes archivos de la regi\u00f3n. De forma paciente y minuciosa, digitalizaron y analizaron unos 700 documentos hist\u00f3ricos correspondientes a la log\u00edstica de la Guerra del Paran\u00e1, provenientes de seis colecciones diferentes, logrando descubrir detalles in\u00e9ditos de los hechos de armas acontecidos en aquellas aguas entre 1845 y 1846.<\/p>\n<p>En un c\u00famulo de 125 fojas revisadas en el Archivo General de la Naci\u00f3n, a cuyo personal y directivos el equipo del Museo agradece profundamente su amabilidad y predisposici\u00f3n, fue que se encontr\u00f3 el reconocimiento hecho por Mancilla a los constructores de las bater\u00edas.<\/p>\n<p>El viejo papel, escrito con el trazo r\u00e1pido pero firme de un jefe militar, se mantiene en perfecto estado y en \u00e9l se observan claramente los 17 nombres y apellidos de aquellas personas que tuvieron la responsabilidad de montar una parte fundamental del aparato defensivo de la Confederaci\u00f3n. <\/p>\n<p>En el encabezado del documento, el t\u00edpico slogan federal \u201c\u00a1Viva la Confederaci\u00f3n Argentina! \u00a1Mueran los salvajes unitarios!\u201d. As\u00ed arranca el breve parte de guerra.<br \/>\nLuego, unas cort\u00edsimas cuatro l\u00edneas dicen claramente:<br \/>\n\u201cLista de los individuos Carpinteros y Herreros que han trabajado en la formaci\u00f3n de las bater\u00edas, recomposici\u00f3n de cure\u00f1as y dem\u00e1s trabajos que se han ofrecido\u201d.<\/p>\n<p>A continuaci\u00f3n, y en formato de un simple y claro listado, el Comandante en Jefe del Departamento del Norte, escribi\u00f3 con su pluma los nombres de esos 17 hombres, separ\u00e1ndolos por oficios en carpinteros y herreros:<\/p>\n<p>        CARPINTEROS<br \/>\n        Ram\u00f3n Silveira         Isidoro Molina     Dionisio Chac\u00f3n      Ponciano Godoy       Pedro Betanc\u00fa<br \/>\n        Juan Silveira             Carlos M\u00e1rquez    Pedro Zamora         Gaspar L\u00f3pez             Juan Saragoza<br \/>\n        Alejo Villamayor      Francisco Vicar     F\u00e9lix Machado        Sim\u00f3n Sueldo                            <\/p>\n<p>        HERREROS<br \/>\n        Mariano Bar\u00f3     Gervasio Granel     Antonio Gusmar\u00e1n <\/p>\n<p>Para darle un cierre a su nota, coloc\u00f3 la fecha y su firma: \u201cBater\u00edas, Noviembre 14 de 1845, Lucio Mancilla\u201d.<br \/>\nSeis d\u00edas antes de enfrentarse en encarnizada batalla con la flota invasora, el General dejaba expreso reconocimiento a su equipo de constructores.<\/p>\n<p>\u201cNo sabemos, a\u00fan, de qu\u00e9 ciudades proven\u00edan aquellos carpinteros y herreros pero es probable que fueran reclutados desde San Pedro y ciudades vecinas, ya que los Jueces de Paz de la zona colaboraban activamente en la log\u00edstica previa de la Guerra del Paran\u00e1\u201d, comenta Jos\u00e9 Luis Aguilar, fundador del Museo Paleontol\u00f3gico de San Pedro y la persona que detect\u00f3 el listado de nombres escrito por Mancilla.<br \/>\n\u201cHemos visto en otros documentos que Mancilla solicitaba carpinteros y herreros al Juez de Paz de San Pedro y otros, por lo que suponemos fueron civiles que por su oficio fueron convocados desde nuestra ciudad u otras cercanas\u201d.<\/p>\n<p>\u201cDurante los meses previos al combate, los jueces de San Pedro, San Nicol\u00e1s, San Antonio de Areco, Exaltaci\u00f3n de la Cruz y Baradero, brindaron elementos, enseres, herramientas y personal para las diferentes necesidades del Departamento del Norte, a cargo de Mancilla.<br \/>\nTambi\u00e9n hubo aportes de vecinos y hacendados que cedieron decenas de cabezas de ganado para alimentar a las tropas mientras combat\u00edan al agresor en los diferentes escenarios de guerra\u201d, comenta Aguilar desde el Museo de San Pedro. <\/p>\n<p>En cuanto a las bater\u00edas, fueron cuatro: Restaurador Rosas (al mando de \u00c1lvaro Alsogaray), General Brown (al mando de Eduardo Brown), General Mancilla (al mando de Felipe Palacios) y Manuelita (al mando de Juan Bautista Thorne).<br \/>\nEn total, las cuatro bater\u00edas conten\u00edan unas 21 piezas de artiller\u00edas resguardadas por parapetos de defensa y ubicadas sobre bases de fuertes maderos denominadas \u201ccure\u00f1as\u201d. Tres de estas bater\u00edas estaban ubicadas en altura, sobre las barrancas, para posibilitar disparos elevados. Y una cuarta estaba ubicada sobre la playa, cercana a las cadenas que cruzaban el r\u00edo, para evitar intentos de corte de las mismas.<\/p>\n<p>Los 17 hombres mencionados por Mancilla en su informe a Rosas tuvieron la enorme responsabilidad de montar, en las semanas previas al combate, cada una de las estructuras que debieron soportar el tremendo esfuerzo de la artiller\u00eda argentina y el intenso fuego de los ca\u00f1ones enemigos. La construcci\u00f3n de las bater\u00edas no s\u00f3lo deb\u00eda brindar una base firme para disparar, sino que deb\u00edan resguardar, adem\u00e1s, a los artilleros y ayudantes de las municiones anglo francesas.<\/p>\n<p>Por su parte, Silvina Carro, tambi\u00e9n integrante del equipo del Museo de San Pedro coment\u00f3: \u201cSin dudas, el hallazgo de estos 17 nombres, permitir\u00e1 saldar una deuda hist\u00f3rica con estos tenaces trabajadores que tuvieron la responsabilidad de construir uno de los s\u00edmbolos m\u00e1s fuertes de la lucha por la soberan\u00eda nacional. El reconocimiento hecho por Mancilla a sus 17 carpinteros y herreros acaba de concretarse 173 a\u00f1os despu\u00e9s de la batalla\u201d. <\/p>\n<p>En tanto, Eduardo Campos, Fernando Chiodini y Javier Saucedo completaron el equipo del Grupo Conservacionista que realiz\u00f3 este descubrimiento. <\/p>\n<p><img decoding=\"async\" data-attachment-id=\"43622\" data-permalink=\"https:\/\/eldiariodesanpedro.com.ar\/sitio\/museo-paleontologico-presentacion-de-un-dato-historico-vinculado-a-la-batalla-de-obligado\/whatsapp-image-2018-11-15-at-11-18-01\/\" data-orig-file=\"https:\/\/eldiariodesanpedro.com.ar\/sitio\/wp-content\/uploads\/2018\/11\/WhatsApp-Image-2018-11-15-at-11.18.01.jpeg\" data-orig-size=\"1040,780\" data-comments-opened=\"1\" data-image-meta=\"{&quot;aperture&quot;:&quot;0&quot;,&quot;credit&quot;:&quot;&quot;,&quot;camera&quot;:&quot;&quot;,&quot;caption&quot;:&quot;&quot;,&quot;created_timestamp&quot;:&quot;0&quot;,&quot;copyright&quot;:&quot;&quot;,&quot;focal_length&quot;:&quot;0&quot;,&quot;iso&quot;:&quot;0&quot;,&quot;shutter_speed&quot;:&quot;0&quot;,&quot;title&quot;:&quot;&quot;,&quot;orientation&quot;:&quot;0&quot;}\" data-image-title=\"WhatsApp Image 2018-11-15 at 11.18.01\" data-image-description=\"\" data-image-caption=\"\" data-large-file=\"https:\/\/eldiariodesanpedro.com.ar\/sitio\/wp-content\/uploads\/2018\/11\/WhatsApp-Image-2018-11-15-at-11.18.01-1024x768.jpeg\" data-src=\"https:\/\/eldiariodesanpedro.com.ar\/sitio\/wp-content\/uploads\/2018\/11\/WhatsApp-Image-2018-11-15-at-11.18.01-1024x768.jpeg\" alt=\"\" width=\"660\" height=\"495\" class=\"alignnone size-large wp-image-43622 lazyload\" data-srcset=\"https:\/\/eldiariodesanpedro.com.ar\/sitio\/wp-content\/uploads\/2018\/11\/WhatsApp-Image-2018-11-15-at-11.18.01-1024x768.jpeg 1024w, https:\/\/eldiariodesanpedro.com.ar\/sitio\/wp-content\/uploads\/2018\/11\/WhatsApp-Image-2018-11-15-at-11.18.01-300x225.jpeg 300w, https:\/\/eldiariodesanpedro.com.ar\/sitio\/wp-content\/uploads\/2018\/11\/WhatsApp-Image-2018-11-15-at-11.18.01-768x576.jpeg 768w, https:\/\/eldiariodesanpedro.com.ar\/sitio\/wp-content\/uploads\/2018\/11\/WhatsApp-Image-2018-11-15-at-11.18.01.jpeg 1040w\" data-sizes=\"(max-width: 660px) 100vw, 660px\" src=\"data:image\/svg+xml;base64,PHN2ZyB3aWR0aD0iMSIgaGVpZ2h0PSIxIiB4bWxucz0iaHR0cDovL3d3dy53My5vcmcvMjAwMC9zdmciPjwvc3ZnPg==\" style=\"--smush-placeholder-width: 660px; --smush-placeholder-aspect-ratio: 660\/495;\" \/><\/p>\n<p><img decoding=\"async\" data-attachment-id=\"43621\" data-permalink=\"https:\/\/eldiariodesanpedro.com.ar\/sitio\/museo-paleontologico-presentacion-de-un-dato-historico-vinculado-a-la-batalla-de-obligado\/img-20181115-wa0002\/\" data-orig-file=\"https:\/\/eldiariodesanpedro.com.ar\/sitio\/wp-content\/uploads\/2018\/11\/IMG-20181115-WA0002.jpg\" data-orig-size=\"1280,960\" data-comments-opened=\"1\" data-image-meta=\"{&quot;aperture&quot;:&quot;0&quot;,&quot;credit&quot;:&quot;&quot;,&quot;camera&quot;:&quot;&quot;,&quot;caption&quot;:&quot;&quot;,&quot;created_timestamp&quot;:&quot;0&quot;,&quot;copyright&quot;:&quot;&quot;,&quot;focal_length&quot;:&quot;0&quot;,&quot;iso&quot;:&quot;0&quot;,&quot;shutter_speed&quot;:&quot;0&quot;,&quot;title&quot;:&quot;&quot;,&quot;orientation&quot;:&quot;0&quot;}\" data-image-title=\"IMG-20181115-WA0002\" data-image-description=\"\" data-image-caption=\"\" data-large-file=\"https:\/\/eldiariodesanpedro.com.ar\/sitio\/wp-content\/uploads\/2018\/11\/IMG-20181115-WA0002-1024x768.jpg\" data-src=\"https:\/\/eldiariodesanpedro.com.ar\/sitio\/wp-content\/uploads\/2018\/11\/IMG-20181115-WA0002-1024x768.jpg\" alt=\"\" width=\"660\" height=\"495\" class=\"alignnone size-large wp-image-43621 lazyload\" data-srcset=\"https:\/\/eldiariodesanpedro.com.ar\/sitio\/wp-content\/uploads\/2018\/11\/IMG-20181115-WA0002-1024x768.jpg 1024w, https:\/\/eldiariodesanpedro.com.ar\/sitio\/wp-content\/uploads\/2018\/11\/IMG-20181115-WA0002-300x225.jpg 300w, https:\/\/eldiariodesanpedro.com.ar\/sitio\/wp-content\/uploads\/2018\/11\/IMG-20181115-WA0002-768x576.jpg 768w, https:\/\/eldiariodesanpedro.com.ar\/sitio\/wp-content\/uploads\/2018\/11\/IMG-20181115-WA0002.jpg 1280w\" data-sizes=\"(max-width: 660px) 100vw, 660px\" src=\"data:image\/svg+xml;base64,PHN2ZyB3aWR0aD0iMSIgaGVpZ2h0PSIxIiB4bWxucz0iaHR0cDovL3d3dy53My5vcmcvMjAwMC9zdmciPjwvc3ZnPg==\" style=\"--smush-placeholder-width: 660px; --smush-placeholder-aspect-ratio: 660\/495;\" \/>o <\/p>\n","protected":false},"excerpt":{"rendered":"<p>Esta ma\u00f1ana el Director del Museo Paleontol\u00f3gico, Jose Luis Aguilar, brind\u00f3 una conferencia de prensa a los medios locales contando el brillante descubrimiento de un dato hist\u00f3rico de gran relevancia vinculado a la batalla de Vuelta de Obligado. Aqu\u00ed nos compartieron en lo escrito brind\u00e1ndonos detalles de qu\u00e9 se trata y de c\u00f3mo lo descubrieron: [&hellip;]<\/p>\n","protected":false},"author":4,"featured_media":43622,"comment_status":"open","ping_status":"closed","sticky":false,"template":"","format":"standard","meta":{"om_disable_all_campaigns":false,"_jetpack_memberships_contains_paid_content":false,"footnotes":""},"categories":[50,101,2],"tags":[],"class_list":["post-43620","post","type-post","status-publish","format-standard","has-post-thumbnail","hentry","category-destacadas","category-interes-general-locales","category-locales"],"aioseo_notices":[],"gutentor_comment":0,"jetpack_featured_media_url":"https:\/\/eldiariodesanpedro.com.ar\/sitio\/wp-content\/uploads\/2018\/11\/WhatsApp-Image-2018-11-15-at-11.18.01.jpeg","jetpack_shortlink":"https:\/\/wp.me\/p6RhLt-bly","jetpack_sharing_enabled":true,"_links":{"self":[{"href":"https:\/\/eldiariodesanpedro.com.ar\/sitio\/wp-json\/wp\/v2\/posts\/43620","targetHints":{"allow":["GET"]}}],"collection":[{"href":"https:\/\/eldiariodesanpedro.com.ar\/sitio\/wp-json\/wp\/v2\/posts"}],"about":[{"href":"https:\/\/eldiariodesanpedro.com.ar\/sitio\/wp-json\/wp\/v2\/types\/post"}],"author":[{"embeddable":true,"href":"https:\/\/eldiariodesanpedro.com.ar\/sitio\/wp-json\/wp\/v2\/users\/4"}],"replies":[{"embeddable":true,"href":"https:\/\/eldiariodesanpedro.com.ar\/sitio\/wp-json\/wp\/v2\/comments?post=43620"}],"version-history":[{"count":1,"href":"https:\/\/eldiariodesanpedro.com.ar\/sitio\/wp-json\/wp\/v2\/posts\/43620\/revisions"}],"predecessor-version":[{"id":43623,"href":"https:\/\/eldiariodesanpedro.com.ar\/sitio\/wp-json\/wp\/v2\/posts\/43620\/revisions\/43623"}],"wp:featuredmedia":[{"embeddable":true,"href":"https:\/\/eldiariodesanpedro.com.ar\/sitio\/wp-json\/wp\/v2\/media\/43622"}],"wp:attachment":[{"href":"https:\/\/eldiariodesanpedro.com.ar\/sitio\/wp-json\/wp\/v2\/media?parent=43620"}],"wp:term":[{"taxonomy":"category","embeddable":true,"href":"https:\/\/eldiariodesanpedro.com.ar\/sitio\/wp-json\/wp\/v2\/categories?post=43620"},{"taxonomy":"post_tag","embeddable":true,"href":"https:\/\/eldiariodesanpedro.com.ar\/sitio\/wp-json\/wp\/v2\/tags?post=43620"}],"curies":[{"name":"wp","href":"https:\/\/api.w.org\/{rel}","templated":true}]}}