{"id":43613,"date":"2018-11-15T09:33:26","date_gmt":"2018-11-15T12:33:26","guid":{"rendered":"https:\/\/eldiariodesanpedro.com.ar\/sitio\/?p=43613"},"modified":"2018-11-15T09:33:26","modified_gmt":"2018-11-15T12:33:26","slug":"fue-aprehendido-un-delincuente-con-frondosos-antecedentes-tras-arrebatar-una-cartera","status":"publish","type":"post","link":"https:\/\/eldiariodesanpedro.com.ar\/sitio\/fue-aprehendido-un-delincuente-con-frondosos-antecedentes-tras-arrebatar-una-cartera\/","title":{"rendered":"Fue aprehendido un delincuente con frondosos antecedentes tras arrebatar una cartera"},"content":{"rendered":"<p><!-- VideographyWP Plugin Message: Automatic video embedding prevented by plugin options. --><br \/>\nFueron los vecinos quienes alertaron a la polic\u00eda que un sujeto sospechoso se encontraba escondido en una vivienda de calle 11 de Septiembre. Era buscado por los efectivos luego de arrebatarle la cartera a una mujer.<\/p>\n<p>El hecho ocurri\u00f3 sobre la vereda de calle Belgrano al 2600, cuando una joven de 25 a\u00f1os de edad, iba con su bicicleta y es interceptada con violencia por un delincuente quien le arrebat\u00f3 la cartera que llevaba en el canasto de la misma.<\/p>\n<p>Tras r\u00e1pido accionar de la polic\u00eda de comisar\u00eda local, se procedi\u00f3 a la aprehensi\u00f3n del malviviente, tras ser alertados por vecinos que se encontraba escondido en un domicilio sobre calle 11 de Septiembre 2200.<\/p>\n<p>Resulta ser un joven delincuente de 27, con frondosos antecedentes a quien se le secuestr\u00f3 el elemento robado en su poder, y luego fue restituido a su propietaria.<\/p>\n<p>El autor permanece alojado en la Dependencia, a disposici\u00f3n de la fiscal\u00eda en turno de San Pedro<\/p>\n<p><img decoding=\"async\" data-attachment-id=\"43603\" data-permalink=\"https:\/\/eldiariodesanpedro.com.ar\/sitio\/robaron-de-una-vivienda-un-tv-de-43\/whatsapp-image-2018-11-15-at-08-39-30\/\" data-orig-file=\"https:\/\/eldiariodesanpedro.com.ar\/sitio\/wp-content\/uploads\/2018\/11\/WhatsApp-Image-2018-11-15-at-08.39.30.jpeg\" data-orig-size=\"960,1280\" data-comments-opened=\"1\" data-image-meta=\"{&quot;aperture&quot;:&quot;0&quot;,&quot;credit&quot;:&quot;&quot;,&quot;camera&quot;:&quot;&quot;,&quot;caption&quot;:&quot;&quot;,&quot;created_timestamp&quot;:&quot;0&quot;,&quot;copyright&quot;:&quot;&quot;,&quot;focal_length&quot;:&quot;0&quot;,&quot;iso&quot;:&quot;0&quot;,&quot;shutter_speed&quot;:&quot;0&quot;,&quot;title&quot;:&quot;&quot;,&quot;orientation&quot;:&quot;0&quot;}\" data-image-title=\"WhatsApp Image 2018-11-15 at 08.39.30\" data-image-description=\"\" data-image-caption=\"\" data-large-file=\"https:\/\/eldiariodesanpedro.com.ar\/sitio\/wp-content\/uploads\/2018\/11\/WhatsApp-Image-2018-11-15-at-08.39.30-768x1024.jpeg\" data-src=\"https:\/\/eldiariodesanpedro.com.ar\/sitio\/wp-content\/uploads\/2018\/11\/WhatsApp-Image-2018-11-15-at-08.39.30-768x1024.jpeg\" alt=\"\" width=\"660\" height=\"880\" class=\"alignnone size-large wp-image-43603 lazyload\" data-srcset=\"https:\/\/eldiariodesanpedro.com.ar\/sitio\/wp-content\/uploads\/2018\/11\/WhatsApp-Image-2018-11-15-at-08.39.30-768x1024.jpeg 768w, https:\/\/eldiariodesanpedro.com.ar\/sitio\/wp-content\/uploads\/2018\/11\/WhatsApp-Image-2018-11-15-at-08.39.30-225x300.jpeg 225w, https:\/\/eldiariodesanpedro.com.ar\/sitio\/wp-content\/uploads\/2018\/11\/WhatsApp-Image-2018-11-15-at-08.39.30.jpeg 960w\" data-sizes=\"(max-width: 660px) 100vw, 660px\" src=\"data:image\/svg+xml;base64,PHN2ZyB3aWR0aD0iMSIgaGVpZ2h0PSIxIiB4bWxucz0iaHR0cDovL3d3dy53My5vcmcvMjAwMC9zdmciPjwvc3ZnPg==\" style=\"--smush-placeholder-width: 660px; --smush-placeholder-aspect-ratio: 660\/880;\" \/><\/p>\n<p><img decoding=\"async\" data-attachment-id=\"43604\" data-permalink=\"https:\/\/eldiariodesanpedro.com.ar\/sitio\/robaron-de-una-vivienda-un-tv-de-43\/whatsapp-image-2018-11-15-at-08-39-31\/\" data-orig-file=\"https:\/\/eldiariodesanpedro.com.ar\/sitio\/wp-content\/uploads\/2018\/11\/WhatsApp-Image-2018-11-15-at-08.39.31.jpeg\" data-orig-size=\"960,1280\" data-comments-opened=\"1\" data-image-meta=\"{&quot;aperture&quot;:&quot;0&quot;,&quot;credit&quot;:&quot;&quot;,&quot;camera&quot;:&quot;&quot;,&quot;caption&quot;:&quot;&quot;,&quot;created_timestamp&quot;:&quot;0&quot;,&quot;copyright&quot;:&quot;&quot;,&quot;focal_length&quot;:&quot;0&quot;,&quot;iso&quot;:&quot;0&quot;,&quot;shutter_speed&quot;:&quot;0&quot;,&quot;title&quot;:&quot;&quot;,&quot;orientation&quot;:&quot;0&quot;}\" data-image-title=\"WhatsApp Image 2018-11-15 at 08.39.31\" data-image-description=\"\" data-image-caption=\"\" data-large-file=\"https:\/\/eldiariodesanpedro.com.ar\/sitio\/wp-content\/uploads\/2018\/11\/WhatsApp-Image-2018-11-15-at-08.39.31-768x1024.jpeg\" data-src=\"https:\/\/eldiariodesanpedro.com.ar\/sitio\/wp-content\/uploads\/2018\/11\/WhatsApp-Image-2018-11-15-at-08.39.31-768x1024.jpeg\" alt=\"\" width=\"660\" height=\"880\" class=\"alignnone size-large wp-image-43604 lazyload\" data-srcset=\"https:\/\/eldiariodesanpedro.com.ar\/sitio\/wp-content\/uploads\/2018\/11\/WhatsApp-Image-2018-11-15-at-08.39.31-768x1024.jpeg 768w, https:\/\/eldiariodesanpedro.com.ar\/sitio\/wp-content\/uploads\/2018\/11\/WhatsApp-Image-2018-11-15-at-08.39.31-225x300.jpeg 225w, https:\/\/eldiariodesanpedro.com.ar\/sitio\/wp-content\/uploads\/2018\/11\/WhatsApp-Image-2018-11-15-at-08.39.31.jpeg 960w\" data-sizes=\"(max-width: 660px) 100vw, 660px\" src=\"data:image\/svg+xml;base64,PHN2ZyB3aWR0aD0iMSIgaGVpZ2h0PSIxIiB4bWxucz0iaHR0cDovL3d3dy53My5vcmcvMjAwMC9zdmciPjwvc3ZnPg==\" style=\"--smush-placeholder-width: 660px; --smush-placeholder-aspect-ratio: 660\/880;\" \/><\/p>\n","protected":false},"excerpt":{"rendered":"<p>Fueron los vecinos quienes alertaron a la polic\u00eda que un sujeto sospechoso se encontraba escondido en una vivienda de calle 11 de Septiembre. Era buscado por los efectivos luego de arrebatarle la cartera a una mujer. El hecho ocurri\u00f3 sobre la vereda de calle Belgrano al 2600, cuando una joven de 25 a\u00f1os de edad, [&hellip;]<\/p>\n","protected":false},"author":4,"featured_media":43604,"comment_status":"open","ping_status":"closed","sticky":false,"template":"","format":"standard","meta":{"om_disable_all_campaigns":false,"_jetpack_memberships_contains_paid_content":false,"footnotes":""},"categories":[50,2,103],"tags":[],"class_list":["post-43613","post","type-post","status-publish","format-standard","has-post-thumbnail","hentry","category-destacadas","category-locales","category-policiales-locales"],"aioseo_notices":[],"gutentor_comment":0,"jetpack_featured_media_url":"https:\/\/eldiariodesanpedro.com.ar\/sitio\/wp-content\/uploads\/2018\/11\/WhatsApp-Image-2018-11-15-at-08.39.31.jpeg","jetpack_shortlink":"https:\/\/wp.me\/p6RhLt-blr","jetpack_sharing_enabled":true,"_links":{"self":[{"href":"https:\/\/eldiariodesanpedro.com.ar\/sitio\/wp-json\/wp\/v2\/posts\/43613","targetHints":{"allow":["GET"]}}],"collection":[{"href":"https:\/\/eldiariodesanpedro.com.ar\/sitio\/wp-json\/wp\/v2\/posts"}],"about":[{"href":"https:\/\/eldiariodesanpedro.com.ar\/sitio\/wp-json\/wp\/v2\/types\/post"}],"author":[{"embeddable":true,"href":"https:\/\/eldiariodesanpedro.com.ar\/sitio\/wp-json\/wp\/v2\/users\/4"}],"replies":[{"embeddable":true,"href":"https:\/\/eldiariodesanpedro.com.ar\/sitio\/wp-json\/wp\/v2\/comments?post=43613"}],"version-history":[{"count":1,"href":"https:\/\/eldiariodesanpedro.com.ar\/sitio\/wp-json\/wp\/v2\/posts\/43613\/revisions"}],"predecessor-version":[{"id":43614,"href":"https:\/\/eldiariodesanpedro.com.ar\/sitio\/wp-json\/wp\/v2\/posts\/43613\/revisions\/43614"}],"wp:featuredmedia":[{"embeddable":true,"href":"https:\/\/eldiariodesanpedro.com.ar\/sitio\/wp-json\/wp\/v2\/media\/43604"}],"wp:attachment":[{"href":"https:\/\/eldiariodesanpedro.com.ar\/sitio\/wp-json\/wp\/v2\/media?parent=43613"}],"wp:term":[{"taxonomy":"category","embeddable":true,"href":"https:\/\/eldiariodesanpedro.com.ar\/sitio\/wp-json\/wp\/v2\/categories?post=43613"},{"taxonomy":"post_tag","embeddable":true,"href":"https:\/\/eldiariodesanpedro.com.ar\/sitio\/wp-json\/wp\/v2\/tags?post=43613"}],"curies":[{"name":"wp","href":"https:\/\/api.w.org\/{rel}","templated":true}]}}