{"id":43611,"date":"2018-11-15T09:17:12","date_gmt":"2018-11-15T12:17:12","guid":{"rendered":"https:\/\/eldiariodesanpedro.com.ar\/sitio\/?p=43611"},"modified":"2018-11-15T09:17:12","modified_gmt":"2018-11-15T12:17:12","slug":"amplio-operativo-detuvieron-a-un-menor-tras-robar-una-moto-y-arrebatarle-la-cartera-a-una-mujer-quien-le-provoco-lesiones-al-caer","status":"publish","type":"post","link":"https:\/\/eldiariodesanpedro.com.ar\/sitio\/amplio-operativo-detuvieron-a-un-menor-tras-robar-una-moto-y-arrebatarle-la-cartera-a-una-mujer-quien-le-provoco-lesiones-al-caer\/","title":{"rendered":"Amplio Operativo: Detuvieron a un menor tras robar una moto y arrebatarle la cartera a una mujer quien le provoc\u00f3 lesiones al caer"},"content":{"rendered":"<p><!-- VideographyWP Plugin Message: Automatic video embedding prevented by plugin options. --><br \/>\nPersonal policial de comisar\u00eda, este mi\u00e9rcoles por la noche, tras amplio operativo procedi\u00f3 a la aprehensi\u00f3n de un menor de 15 a\u00f1os de edad, en intersecci\u00f3n de las calles Benefactora Sampedrina, entre G\u00fcemes y Balcarce. <\/p>\n<p>El menor hab\u00eda cometido varios il\u00edcitos, uno de ellos fue el robo de una motocicleta 110 cc, que es en la cual se estaba movilizando en el momento de su aprehensi\u00f3n, y que la hab\u00eda sustra\u00eddo instantes antes de la vereda de un domicilio de calle Bottaro y Casella, tras da\u00f1ar tambor ignicion y pl\u00e1sticos. <\/p>\n<p>Tambi\u00e9n se le secuestr\u00f3 en su poder que llevaba oculto entre sus prendas, un celular de alta gama de mujer y sin chip, del cual no quiso justificar procedencia, hasta que se pudo establecer que pertenec\u00eda a una mujer de 55, a quien se lo sustrajeron mediante modalidad de arrebato de motochorro, momentos antes en calle Salta 2800, y que a ra\u00edz del hecho sufri\u00f3 lesiones al caer al pavimento.<\/p>\n<p>Intervino la fiscal\u00eda del joven de San Nicolas, y tras cumplimentar recaudos legales, el aprehendido fue entregado a sus familiares.  <\/p>\n<p><img decoding=\"async\" data-attachment-id=\"43607\" data-permalink=\"https:\/\/eldiariodesanpedro.com.ar\/sitio\/robaron-de-una-vivienda-un-tv-de-43\/whatsapp-image-2018-11-15-at-08-39-53\/\" data-orig-file=\"https:\/\/eldiariodesanpedro.com.ar\/sitio\/wp-content\/uploads\/2018\/11\/WhatsApp-Image-2018-11-15-at-08.39.53.jpeg\" data-orig-size=\"1280,960\" data-comments-opened=\"1\" data-image-meta=\"{&quot;aperture&quot;:&quot;0&quot;,&quot;credit&quot;:&quot;&quot;,&quot;camera&quot;:&quot;&quot;,&quot;caption&quot;:&quot;&quot;,&quot;created_timestamp&quot;:&quot;0&quot;,&quot;copyright&quot;:&quot;&quot;,&quot;focal_length&quot;:&quot;0&quot;,&quot;iso&quot;:&quot;0&quot;,&quot;shutter_speed&quot;:&quot;0&quot;,&quot;title&quot;:&quot;&quot;,&quot;orientation&quot;:&quot;0&quot;}\" data-image-title=\"WhatsApp Image 2018-11-15 at 08.39.53\" data-image-description=\"\" data-image-caption=\"\" data-large-file=\"https:\/\/eldiariodesanpedro.com.ar\/sitio\/wp-content\/uploads\/2018\/11\/WhatsApp-Image-2018-11-15-at-08.39.53-1024x768.jpeg\" data-src=\"https:\/\/eldiariodesanpedro.com.ar\/sitio\/wp-content\/uploads\/2018\/11\/WhatsApp-Image-2018-11-15-at-08.39.53-1024x768.jpeg\" alt=\"\" width=\"660\" height=\"495\" class=\"alignnone size-large wp-image-43607 lazyload\" data-srcset=\"https:\/\/eldiariodesanpedro.com.ar\/sitio\/wp-content\/uploads\/2018\/11\/WhatsApp-Image-2018-11-15-at-08.39.53-1024x768.jpeg 1024w, https:\/\/eldiariodesanpedro.com.ar\/sitio\/wp-content\/uploads\/2018\/11\/WhatsApp-Image-2018-11-15-at-08.39.53-300x225.jpeg 300w, https:\/\/eldiariodesanpedro.com.ar\/sitio\/wp-content\/uploads\/2018\/11\/WhatsApp-Image-2018-11-15-at-08.39.53-768x576.jpeg 768w, https:\/\/eldiariodesanpedro.com.ar\/sitio\/wp-content\/uploads\/2018\/11\/WhatsApp-Image-2018-11-15-at-08.39.53.jpeg 1280w\" data-sizes=\"(max-width: 660px) 100vw, 660px\" src=\"data:image\/svg+xml;base64,PHN2ZyB3aWR0aD0iMSIgaGVpZ2h0PSIxIiB4bWxucz0iaHR0cDovL3d3dy53My5vcmcvMjAwMC9zdmciPjwvc3ZnPg==\" style=\"--smush-placeholder-width: 660px; --smush-placeholder-aspect-ratio: 660\/495;\" \/><\/p>\n<p><img decoding=\"async\" data-attachment-id=\"43606\" data-permalink=\"https:\/\/eldiariodesanpedro.com.ar\/sitio\/robaron-de-una-vivienda-un-tv-de-43\/whatsapp-image-2018-11-15-at-08-39-53-1\/\" data-orig-file=\"https:\/\/eldiariodesanpedro.com.ar\/sitio\/wp-content\/uploads\/2018\/11\/WhatsApp-Image-2018-11-15-at-08.39.53-1.jpeg\" data-orig-size=\"585,1040\" data-comments-opened=\"1\" data-image-meta=\"{&quot;aperture&quot;:&quot;0&quot;,&quot;credit&quot;:&quot;&quot;,&quot;camera&quot;:&quot;&quot;,&quot;caption&quot;:&quot;&quot;,&quot;created_timestamp&quot;:&quot;0&quot;,&quot;copyright&quot;:&quot;&quot;,&quot;focal_length&quot;:&quot;0&quot;,&quot;iso&quot;:&quot;0&quot;,&quot;shutter_speed&quot;:&quot;0&quot;,&quot;title&quot;:&quot;&quot;,&quot;orientation&quot;:&quot;0&quot;}\" data-image-title=\"WhatsApp Image 2018-11-15 at 08.39.53 (1)\" data-image-description=\"\" data-image-caption=\"\" data-large-file=\"https:\/\/eldiariodesanpedro.com.ar\/sitio\/wp-content\/uploads\/2018\/11\/WhatsApp-Image-2018-11-15-at-08.39.53-1-576x1024.jpeg\" data-src=\"https:\/\/eldiariodesanpedro.com.ar\/sitio\/wp-content\/uploads\/2018\/11\/WhatsApp-Image-2018-11-15-at-08.39.53-1-576x1024.jpeg\" alt=\"\" width=\"576\" height=\"1024\" class=\"alignnone size-large wp-image-43606 lazyload\" data-srcset=\"https:\/\/eldiariodesanpedro.com.ar\/sitio\/wp-content\/uploads\/2018\/11\/WhatsApp-Image-2018-11-15-at-08.39.53-1-576x1024.jpeg 576w, https:\/\/eldiariodesanpedro.com.ar\/sitio\/wp-content\/uploads\/2018\/11\/WhatsApp-Image-2018-11-15-at-08.39.53-1-169x300.jpeg 169w, https:\/\/eldiariodesanpedro.com.ar\/sitio\/wp-content\/uploads\/2018\/11\/WhatsApp-Image-2018-11-15-at-08.39.53-1.jpeg 585w\" data-sizes=\"(max-width: 576px) 100vw, 576px\" src=\"data:image\/svg+xml;base64,PHN2ZyB3aWR0aD0iMSIgaGVpZ2h0PSIxIiB4bWxucz0iaHR0cDovL3d3dy53My5vcmcvMjAwMC9zdmciPjwvc3ZnPg==\" style=\"--smush-placeholder-width: 576px; --smush-placeholder-aspect-ratio: 576\/1024;\" \/><\/p>\n","protected":false},"excerpt":{"rendered":"<p>Personal policial de comisar\u00eda, este mi\u00e9rcoles por la noche, tras amplio operativo procedi\u00f3 a la aprehensi\u00f3n de un menor de 15 a\u00f1os de edad, en intersecci\u00f3n de las calles Benefactora Sampedrina, entre G\u00fcemes y Balcarce. El menor hab\u00eda cometido varios il\u00edcitos, uno de ellos fue el robo de una motocicleta 110 cc, que es en [&hellip;]<\/p>\n","protected":false},"author":4,"featured_media":43607,"comment_status":"open","ping_status":"closed","sticky":false,"template":"","format":"standard","meta":{"om_disable_all_campaigns":false,"_jetpack_memberships_contains_paid_content":false,"footnotes":""},"categories":[50,2,103],"tags":[],"class_list":["post-43611","post","type-post","status-publish","format-standard","has-post-thumbnail","hentry","category-destacadas","category-locales","category-policiales-locales"],"aioseo_notices":[],"gutentor_comment":0,"jetpack_featured_media_url":"https:\/\/eldiariodesanpedro.com.ar\/sitio\/wp-content\/uploads\/2018\/11\/WhatsApp-Image-2018-11-15-at-08.39.53.jpeg","jetpack_shortlink":"https:\/\/wp.me\/p6RhLt-blp","jetpack_sharing_enabled":true,"_links":{"self":[{"href":"https:\/\/eldiariodesanpedro.com.ar\/sitio\/wp-json\/wp\/v2\/posts\/43611","targetHints":{"allow":["GET"]}}],"collection":[{"href":"https:\/\/eldiariodesanpedro.com.ar\/sitio\/wp-json\/wp\/v2\/posts"}],"about":[{"href":"https:\/\/eldiariodesanpedro.com.ar\/sitio\/wp-json\/wp\/v2\/types\/post"}],"author":[{"embeddable":true,"href":"https:\/\/eldiariodesanpedro.com.ar\/sitio\/wp-json\/wp\/v2\/users\/4"}],"replies":[{"embeddable":true,"href":"https:\/\/eldiariodesanpedro.com.ar\/sitio\/wp-json\/wp\/v2\/comments?post=43611"}],"version-history":[{"count":1,"href":"https:\/\/eldiariodesanpedro.com.ar\/sitio\/wp-json\/wp\/v2\/posts\/43611\/revisions"}],"predecessor-version":[{"id":43612,"href":"https:\/\/eldiariodesanpedro.com.ar\/sitio\/wp-json\/wp\/v2\/posts\/43611\/revisions\/43612"}],"wp:featuredmedia":[{"embeddable":true,"href":"https:\/\/eldiariodesanpedro.com.ar\/sitio\/wp-json\/wp\/v2\/media\/43607"}],"wp:attachment":[{"href":"https:\/\/eldiariodesanpedro.com.ar\/sitio\/wp-json\/wp\/v2\/media?parent=43611"}],"wp:term":[{"taxonomy":"category","embeddable":true,"href":"https:\/\/eldiariodesanpedro.com.ar\/sitio\/wp-json\/wp\/v2\/categories?post=43611"},{"taxonomy":"post_tag","embeddable":true,"href":"https:\/\/eldiariodesanpedro.com.ar\/sitio\/wp-json\/wp\/v2\/tags?post=43611"}],"curies":[{"name":"wp","href":"https:\/\/api.w.org\/{rel}","templated":true}]}}