{"id":43601,"date":"2018-11-15T09:00:06","date_gmt":"2018-11-15T12:00:06","guid":{"rendered":"https:\/\/eldiariodesanpedro.com.ar\/sitio\/?p=43601"},"modified":"2018-11-15T09:00:06","modified_gmt":"2018-11-15T12:00:06","slug":"robaron-de-una-vivienda-un-tv-de-43","status":"publish","type":"post","link":"https:\/\/eldiariodesanpedro.com.ar\/sitio\/robaron-de-una-vivienda-un-tv-de-43\/","title":{"rendered":"Robaron de una vivienda un TV de 43&#8243;"},"content":{"rendered":"<p><!-- VideographyWP Plugin Message: Automatic video embedding prevented by plugin options. --><br \/>\nUn ciudadano mayor de edad denunci\u00f3 este mi\u00e9rcoles por la noche en la Dependencia Local que le hab\u00edan sustra\u00eddo el TV de 43&#8243;.<\/p>\n<p>El hecho ocurri\u00f3 en su vivienda ubicada en calle 25 de Mayo al 1700, cuando malvivientes ingresaron forzando la puerta de acceso llev\u00e1ndose el televisor.<\/p>\n<p>Se investiga el hecho con intervenci\u00f3n de la fiscal\u00eda en turno de San Pedro<\/p>\n","protected":false},"excerpt":{"rendered":"<p>Un ciudadano mayor de edad denunci\u00f3 este mi\u00e9rcoles por la noche en la Dependencia Local que le hab\u00edan sustra\u00eddo el TV de 43&#8243;. El hecho ocurri\u00f3 en su vivienda ubicada en calle 25 de Mayo al 1700, cuando malvivientes ingresaron forzando la puerta de acceso llev\u00e1ndose el televisor. Se investiga el hecho con intervenci\u00f3n de [&hellip;]<\/p>\n","protected":false},"author":4,"featured_media":43602,"comment_status":"open","ping_status":"closed","sticky":false,"template":"","format":"standard","meta":{"om_disable_all_campaigns":false,"_jetpack_memberships_contains_paid_content":false,"footnotes":""},"categories":[2,103],"tags":[],"class_list":["post-43601","post","type-post","status-publish","format-standard","has-post-thumbnail","hentry","category-locales","category-policiales-locales"],"aioseo_notices":[],"gutentor_comment":0,"jetpack_featured_media_url":"https:\/\/eldiariodesanpedro.com.ar\/sitio\/wp-content\/uploads\/2018\/11\/televisor-lg-43-pulgadas.jpg","jetpack_shortlink":"https:\/\/wp.me\/p6RhLt-blf","jetpack_sharing_enabled":true,"_links":{"self":[{"href":"https:\/\/eldiariodesanpedro.com.ar\/sitio\/wp-json\/wp\/v2\/posts\/43601","targetHints":{"allow":["GET"]}}],"collection":[{"href":"https:\/\/eldiariodesanpedro.com.ar\/sitio\/wp-json\/wp\/v2\/posts"}],"about":[{"href":"https:\/\/eldiariodesanpedro.com.ar\/sitio\/wp-json\/wp\/v2\/types\/post"}],"author":[{"embeddable":true,"href":"https:\/\/eldiariodesanpedro.com.ar\/sitio\/wp-json\/wp\/v2\/users\/4"}],"replies":[{"embeddable":true,"href":"https:\/\/eldiariodesanpedro.com.ar\/sitio\/wp-json\/wp\/v2\/comments?post=43601"}],"version-history":[{"count":1,"href":"https:\/\/eldiariodesanpedro.com.ar\/sitio\/wp-json\/wp\/v2\/posts\/43601\/revisions"}],"predecessor-version":[{"id":43610,"href":"https:\/\/eldiariodesanpedro.com.ar\/sitio\/wp-json\/wp\/v2\/posts\/43601\/revisions\/43610"}],"wp:featuredmedia":[{"embeddable":true,"href":"https:\/\/eldiariodesanpedro.com.ar\/sitio\/wp-json\/wp\/v2\/media\/43602"}],"wp:attachment":[{"href":"https:\/\/eldiariodesanpedro.com.ar\/sitio\/wp-json\/wp\/v2\/media?parent=43601"}],"wp:term":[{"taxonomy":"category","embeddable":true,"href":"https:\/\/eldiariodesanpedro.com.ar\/sitio\/wp-json\/wp\/v2\/categories?post=43601"},{"taxonomy":"post_tag","embeddable":true,"href":"https:\/\/eldiariodesanpedro.com.ar\/sitio\/wp-json\/wp\/v2\/tags?post=43601"}],"curies":[{"name":"wp","href":"https:\/\/api.w.org\/{rel}","templated":true}]}}