{"id":43599,"date":"2018-11-15T08:50:15","date_gmt":"2018-11-15T11:50:15","guid":{"rendered":"https:\/\/eldiariodesanpedro.com.ar\/sitio\/?p=43599"},"modified":"2018-11-15T08:50:15","modified_gmt":"2018-11-15T11:50:15","slug":"forzaron-el-porton-de-su-casa-y-le-robaron-hasta-el-cuatriciclo-de-su-hijo","status":"publish","type":"post","link":"https:\/\/eldiariodesanpedro.com.ar\/sitio\/forzaron-el-porton-de-su-casa-y-le-robaron-hasta-el-cuatriciclo-de-su-hijo\/","title":{"rendered":"Forzaron el porton de su casa y le robaron hasta el cuatriciclo de su hijo"},"content":{"rendered":"<p><!-- VideographyWP Plugin Message: Automatic video embedding prevented by plugin options. --><br \/>\nEn la ma\u00f1ana del mi\u00e9rcoles, cerca del mediod\u00eda, el personal policial del Destacamento La Tosquera toman conocimiento de un hecho de hurto.<\/p>\n<p>Alertados por el propio propietario de una vivienda ubicada en Cuartel 3 R\u00edo Tala, constatan que delincuentes ignorados hab\u00edan ingresado a la misma tras forzar el port\u00f3n de chapa del galp\u00f3n de su casa.<\/p>\n<p>Del interior le sustrajeron adem\u00e1s de elementos personales el faltante de una bicicleta roja rodado 20, 4 ruedas completas y un cuatriciclo infantil.<\/p>\n<p>Se investiga el hecho con intervenci\u00f3n de la fiscal\u00eda en turno de San Pedro<\/p>\n","protected":false},"excerpt":{"rendered":"<p>En la ma\u00f1ana del mi\u00e9rcoles, cerca del mediod\u00eda, el personal policial del Destacamento La Tosquera toman conocimiento de un hecho de hurto. Alertados por el propio propietario de una vivienda ubicada en Cuartel 3 R\u00edo Tala, constatan que delincuentes ignorados hab\u00edan ingresado a la misma tras forzar el port\u00f3n de chapa del galp\u00f3n de su [&hellip;]<\/p>\n","protected":false},"author":4,"featured_media":39230,"comment_status":"open","ping_status":"closed","sticky":false,"template":"","format":"standard","meta":{"om_disable_all_campaigns":false,"_jetpack_memberships_contains_paid_content":false,"footnotes":""},"categories":[2,103],"tags":[],"class_list":["post-43599","post","type-post","status-publish","format-standard","has-post-thumbnail","hentry","category-locales","category-policiales-locales"],"aioseo_notices":[],"gutentor_comment":0,"jetpack_featured_media_url":"https:\/\/eldiariodesanpedro.com.ar\/sitio\/wp-content\/uploads\/2018\/08\/patrullero-policia_3.jpg","jetpack_shortlink":"https:\/\/wp.me\/p6RhLt-bld","jetpack_sharing_enabled":true,"_links":{"self":[{"href":"https:\/\/eldiariodesanpedro.com.ar\/sitio\/wp-json\/wp\/v2\/posts\/43599","targetHints":{"allow":["GET"]}}],"collection":[{"href":"https:\/\/eldiariodesanpedro.com.ar\/sitio\/wp-json\/wp\/v2\/posts"}],"about":[{"href":"https:\/\/eldiariodesanpedro.com.ar\/sitio\/wp-json\/wp\/v2\/types\/post"}],"author":[{"embeddable":true,"href":"https:\/\/eldiariodesanpedro.com.ar\/sitio\/wp-json\/wp\/v2\/users\/4"}],"replies":[{"embeddable":true,"href":"https:\/\/eldiariodesanpedro.com.ar\/sitio\/wp-json\/wp\/v2\/comments?post=43599"}],"version-history":[{"count":1,"href":"https:\/\/eldiariodesanpedro.com.ar\/sitio\/wp-json\/wp\/v2\/posts\/43599\/revisions"}],"predecessor-version":[{"id":43600,"href":"https:\/\/eldiariodesanpedro.com.ar\/sitio\/wp-json\/wp\/v2\/posts\/43599\/revisions\/43600"}],"wp:featuredmedia":[{"embeddable":true,"href":"https:\/\/eldiariodesanpedro.com.ar\/sitio\/wp-json\/wp\/v2\/media\/39230"}],"wp:attachment":[{"href":"https:\/\/eldiariodesanpedro.com.ar\/sitio\/wp-json\/wp\/v2\/media?parent=43599"}],"wp:term":[{"taxonomy":"category","embeddable":true,"href":"https:\/\/eldiariodesanpedro.com.ar\/sitio\/wp-json\/wp\/v2\/categories?post=43599"},{"taxonomy":"post_tag","embeddable":true,"href":"https:\/\/eldiariodesanpedro.com.ar\/sitio\/wp-json\/wp\/v2\/tags?post=43599"}],"curies":[{"name":"wp","href":"https:\/\/api.w.org\/{rel}","templated":true}]}}