{"id":43595,"date":"2018-11-14T21:24:46","date_gmt":"2018-11-15T00:24:46","guid":{"rendered":"https:\/\/eldiariodesanpedro.com.ar\/sitio\/?p=43595"},"modified":"2018-11-14T21:24:46","modified_gmt":"2018-11-15T00:24:46","slug":"baradero-damian-mori-es-el-nuevo-presidente-del-centro-de-comercio","status":"publish","type":"post","link":"https:\/\/eldiariodesanpedro.com.ar\/sitio\/baradero-damian-mori-es-el-nuevo-presidente-del-centro-de-comercio\/","title":{"rendered":"BARADERO: Dami\u00e1n Mori es el nuevo presidente del Centro de Comercio"},"content":{"rendered":"<p><!-- VideographyWP Plugin Message: Automatic video embedding prevented by plugin options. --><br \/>\nAnoche en la sede de la instituci\u00f3n que representa a los comerciantes de nuestra ciudad se realiz\u00f3 la asamblea donde se eligi\u00f3 a Dami\u00e1n Mori, representante del sector panadero, como nuevo presidente.<br \/>\nMori, que ya fue secretario del centro durante 8 a\u00f1os se enfrenta ante nuevos desaf\u00edos y en dialogo con BTI dijo: \u201cla gesti\u00f3n anterior tuvo la responsabilidad de regularizar y poner en valor nuestro Centro, ahora debemos generar nuevos socios e ingresos para mantener todo lo que se logr\u00f3\u201d y agreg\u00f3: \u201d sin perder de vista la defensa del comercio local\u201d.<br \/>\nOtro tema con el que va a tener que lidiar como mandatario del Centro de Comercio es la reforma de la ordenanza de habilitaci\u00f3n de comercios que cambiemos ingres\u00f3 en la ultima sesi\u00f3n del Concejo: \u201cestamos enterados de cuales son los cambios que se quieren hacer. Formamos una subcomisi\u00f3n dentro de la misma comisi\u00f3n para analizar los aspectos legales, consideramos que es necesaria una reforma por que la actividad comercial va mutando\u201d y destac\u00f3: \u201cesto necesita de un trabajo en conjunto con todos los actores de la comunidad, municipio, consumidores, inspecci\u00f3n, etc.\u201d<\/p>\n<p>La comisi\u00f3n qued\u00f3 integrada de la siguiente manera:<\/p>\n<p>COMISION DIRECTIVA DEL CENTRO DE COMERCIO E INDUSTRIA DE BARADERO<\/p>\n<p>PRESIDENTE<br \/>\nMORI DAMIAN CESAR<\/p>\n<p>VICEPRESIDENTE<br \/>\nRIVADENEIRA ROBERTO<\/p>\n<p>SECRETARIO<br \/>\nTOUZET ANA MARIA<\/p>\n<p>PRO SECRETARIO<br \/>\nSCHAER DIEGO F.<\/p>\n<p>TESORERO<br \/>\nCATALDO FEDERICO<\/p>\n<p>PRO TESORERO<br \/>\nBERTSCHI HUGO<\/p>\n<p>VOCALES TITULARES<br \/>\nWUTRICH ALBERTO<br \/>\nRODRIGUEZ LEONARDO<br \/>\nGENOVESE NILDA<br \/>\nPELOROSSO CARLOS<br \/>\nCASEY MARIANO J.<br \/>\nCANEPA PATRICIO<\/p>\n<p>VOCALES SUPLENTES<br \/>\nPERASSOLO MARTIN<br \/>\nCASTELUCCI ERNESTO F.<br \/>\nDEPAULI MARCOS<br \/>\nFALLET PABLO<br \/>\nREV. DE CTA TITULARES<br \/>\nREYNA MARCELO<br \/>\nORRIT GABRIEL<\/p>\n<p>REV. DE CTA SUPLENTE<br \/>\nSUIGO DANIEL<br \/>\nBARTONEK LUJAN<\/p>\n<p>Fuente: Baradero Te Informa<\/p>\n","protected":false},"excerpt":{"rendered":"<p>Anoche en la sede de la instituci\u00f3n que representa a los comerciantes de nuestra ciudad se realiz\u00f3 la asamblea donde se eligi\u00f3 a Dami\u00e1n Mori, representante del sector panadero, como nuevo presidente. Mori, que ya fue secretario del centro durante 8 a\u00f1os se enfrenta ante nuevos desaf\u00edos y en dialogo con BTI dijo: \u201cla gesti\u00f3n [&hellip;]<\/p>\n","protected":false},"author":4,"featured_media":43597,"comment_status":"open","ping_status":"closed","sticky":false,"template":"","format":"standard","meta":{"om_disable_all_campaigns":false,"_jetpack_memberships_contains_paid_content":false,"footnotes":""},"categories":[621],"tags":[],"class_list":["post-43595","post","type-post","status-publish","format-standard","has-post-thumbnail","hentry","category-regionales"],"aioseo_notices":[],"gutentor_comment":0,"jetpack_featured_media_url":"https:\/\/eldiariodesanpedro.com.ar\/sitio\/wp-content\/uploads\/2018\/11\/centro-de-comercio-Baradero.jpg","jetpack_shortlink":"https:\/\/wp.me\/p6RhLt-bl9","jetpack_sharing_enabled":true,"_links":{"self":[{"href":"https:\/\/eldiariodesanpedro.com.ar\/sitio\/wp-json\/wp\/v2\/posts\/43595","targetHints":{"allow":["GET"]}}],"collection":[{"href":"https:\/\/eldiariodesanpedro.com.ar\/sitio\/wp-json\/wp\/v2\/posts"}],"about":[{"href":"https:\/\/eldiariodesanpedro.com.ar\/sitio\/wp-json\/wp\/v2\/types\/post"}],"author":[{"embeddable":true,"href":"https:\/\/eldiariodesanpedro.com.ar\/sitio\/wp-json\/wp\/v2\/users\/4"}],"replies":[{"embeddable":true,"href":"https:\/\/eldiariodesanpedro.com.ar\/sitio\/wp-json\/wp\/v2\/comments?post=43595"}],"version-history":[{"count":1,"href":"https:\/\/eldiariodesanpedro.com.ar\/sitio\/wp-json\/wp\/v2\/posts\/43595\/revisions"}],"predecessor-version":[{"id":43598,"href":"https:\/\/eldiariodesanpedro.com.ar\/sitio\/wp-json\/wp\/v2\/posts\/43595\/revisions\/43598"}],"wp:featuredmedia":[{"embeddable":true,"href":"https:\/\/eldiariodesanpedro.com.ar\/sitio\/wp-json\/wp\/v2\/media\/43597"}],"wp:attachment":[{"href":"https:\/\/eldiariodesanpedro.com.ar\/sitio\/wp-json\/wp\/v2\/media?parent=43595"}],"wp:term":[{"taxonomy":"category","embeddable":true,"href":"https:\/\/eldiariodesanpedro.com.ar\/sitio\/wp-json\/wp\/v2\/categories?post=43595"},{"taxonomy":"post_tag","embeddable":true,"href":"https:\/\/eldiariodesanpedro.com.ar\/sitio\/wp-json\/wp\/v2\/tags?post=43595"}],"curies":[{"name":"wp","href":"https:\/\/api.w.org\/{rel}","templated":true}]}}