{"id":43592,"date":"2018-11-14T21:23:44","date_gmt":"2018-11-15T00:23:44","guid":{"rendered":"https:\/\/eldiariodesanpedro.com.ar\/sitio\/?p=43592"},"modified":"2018-11-14T21:23:44","modified_gmt":"2018-11-15T00:23:44","slug":"campana-el-dia-de-la-tradicion-tuvo-una-gran-celebracion","status":"publish","type":"post","link":"https:\/\/eldiariodesanpedro.com.ar\/sitio\/campana-el-dia-de-la-tradicion-tuvo-una-gran-celebracion\/","title":{"rendered":"CAMPANA: El D\u00eda de la Tradici\u00f3n tuvo una gran celebraci\u00f3n"},"content":{"rendered":"<p><!-- VideographyWP Plugin Message: Automatic video embedding prevented by plugin options. --><br \/>\nCon la organizaci\u00f3n del Municipio y el ballet de Folklore y Tango Eluney, los vecinos disfrutaron de un gran show de canto y danza folkl\u00f3rica. Campedrinos cerr\u00f3 la jornada de festejo en el Club Estrella del Este.<br \/>\nCampana tuvo una gran celebraci\u00f3n del D\u00eda de la Tradici\u00f3n con una jornada a puro canto y danzas folkl\u00f3ricas en el Club Estrella del Este.<br \/>\nLos festejos, que estuvieron organizados por la Subsecretar\u00eda de Pol\u00edticas Integrales de Cultura y Educaci\u00f3n del Municipio y el ballet de Folklore y Tango Eluney en su 25 aniversario, contaron con la presencia de una gran cantidad de p\u00fablico.<br \/>\nEstuvieron acompa\u00f1ando el intendente interino, Luis G\u00f3mez; la jefa de Gabinete, Mariela Schvartz; la directora de Cultura, Rosa Scacciante; y el concejal de Cambiemos, Christian Amaya.<br \/>\nCon la conducci\u00f3n de Rub\u00e9n Dusac, la celebraci\u00f3n cont\u00f3 con un show nunca visto con la presentaci\u00f3n de 16 bandas en vivo como tambi\u00e9n de agrupaciones de danzas.<br \/>\nAs\u00ed, desfilaron por el escenario los grupos folkl\u00f3ricos Ditirambo Folk, Los Hermanos Garc\u00eda, Guyra Cantor, Grupo Taquiri, El Chamarritero Entrerriano, La Mezclura, Las Guitarras Campanenses, Los Guapos del Chamam\u00e9, La Zarate\u00f1a Folk, Grupo Utop\u00eda, Jos\u00e9 Gonz\u00e1lez, Cuerito de Vaca, Sembrando Coplas, Agrupaci\u00f3n Dejando Huellas, Alejandra La Chaque\u00f1ita y Los del Monte.<br \/>\nEl gran cierre estuvo a cargo de Campedrinos quienes se acercaron a presentar su nuevo disco y compartieron un magn\u00edfico espect\u00e1culo que hizo bailar a todas las familias campanenses.<br \/>\nDesde la organizaci\u00f3n destacaron el trabajo que hicieron los j\u00f3venes integrantes del Ballet que colaboraron durante la jornada para que el p\u00fablico pudiese disfrutar de una gran tarde noche de celebraci\u00f3n.<\/p>\n<p>Fuente: Campana Noticias<\/p>\n","protected":false},"excerpt":{"rendered":"<p>Con la organizaci\u00f3n del Municipio y el ballet de Folklore y Tango Eluney, los vecinos disfrutaron de un gran show de canto y danza folkl\u00f3rica. Campedrinos cerr\u00f3 la jornada de festejo en el Club Estrella del Este. Campana tuvo una gran celebraci\u00f3n del D\u00eda de la Tradici\u00f3n con una jornada a puro canto y danzas [&hellip;]<\/p>\n","protected":false},"author":4,"featured_media":43594,"comment_status":"open","ping_status":"closed","sticky":false,"template":"","format":"standard","meta":{"om_disable_all_campaigns":false,"_jetpack_memberships_contains_paid_content":false,"footnotes":""},"categories":[621],"tags":[],"class_list":["post-43592","post","type-post","status-publish","format-standard","has-post-thumbnail","hentry","category-regionales"],"aioseo_notices":[],"gutentor_comment":0,"jetpack_featured_media_url":"https:\/\/eldiariodesanpedro.com.ar\/sitio\/wp-content\/uploads\/2018\/11\/campedrinos.jpg","jetpack_shortlink":"https:\/\/wp.me\/p6RhLt-bl6","jetpack_sharing_enabled":true,"_links":{"self":[{"href":"https:\/\/eldiariodesanpedro.com.ar\/sitio\/wp-json\/wp\/v2\/posts\/43592","targetHints":{"allow":["GET"]}}],"collection":[{"href":"https:\/\/eldiariodesanpedro.com.ar\/sitio\/wp-json\/wp\/v2\/posts"}],"about":[{"href":"https:\/\/eldiariodesanpedro.com.ar\/sitio\/wp-json\/wp\/v2\/types\/post"}],"author":[{"embeddable":true,"href":"https:\/\/eldiariodesanpedro.com.ar\/sitio\/wp-json\/wp\/v2\/users\/4"}],"replies":[{"embeddable":true,"href":"https:\/\/eldiariodesanpedro.com.ar\/sitio\/wp-json\/wp\/v2\/comments?post=43592"}],"version-history":[{"count":1,"href":"https:\/\/eldiariodesanpedro.com.ar\/sitio\/wp-json\/wp\/v2\/posts\/43592\/revisions"}],"predecessor-version":[{"id":43596,"href":"https:\/\/eldiariodesanpedro.com.ar\/sitio\/wp-json\/wp\/v2\/posts\/43592\/revisions\/43596"}],"wp:featuredmedia":[{"embeddable":true,"href":"https:\/\/eldiariodesanpedro.com.ar\/sitio\/wp-json\/wp\/v2\/media\/43594"}],"wp:attachment":[{"href":"https:\/\/eldiariodesanpedro.com.ar\/sitio\/wp-json\/wp\/v2\/media?parent=43592"}],"wp:term":[{"taxonomy":"category","embeddable":true,"href":"https:\/\/eldiariodesanpedro.com.ar\/sitio\/wp-json\/wp\/v2\/categories?post=43592"},{"taxonomy":"post_tag","embeddable":true,"href":"https:\/\/eldiariodesanpedro.com.ar\/sitio\/wp-json\/wp\/v2\/tags?post=43592"}],"curies":[{"name":"wp","href":"https:\/\/api.w.org\/{rel}","templated":true}]}}