{"id":43589,"date":"2018-11-14T21:21:34","date_gmt":"2018-11-15T00:21:34","guid":{"rendered":"https:\/\/eldiariodesanpedro.com.ar\/sitio\/?p=43589"},"modified":"2018-11-14T21:21:34","modified_gmt":"2018-11-15T00:21:34","slug":"arrecifes-mamografias-gratuitas-en-el-camion-de-avon-lalcec","status":"publish","type":"post","link":"https:\/\/eldiariodesanpedro.com.ar\/sitio\/arrecifes-mamografias-gratuitas-en-el-camion-de-avon-lalcec\/","title":{"rendered":"ARRECIFES: Mamograf\u00edas gratuitas en el cami\u00f3n de Avon LALCEC"},"content":{"rendered":"<p><!-- VideographyWP Plugin Message: Automatic video embedding prevented by plugin options. --><br \/>\nEn su recorrido anual por el pa\u00eds, el m\u00f3vil de Avon LALCEC llega a Arrecifes. Desde el lunes 19 hasta el jueves 22 de noviembre se realizar\u00e1n mamograf\u00edas gratuitas a mujeres de 40 a 65 a\u00f1os de edad sin cobertura social.<br \/>\nYa pod\u00e9s solicitar turnos en ACEC (Ricardo Guti\u00e9rrez 808), los martes y jueves de 9:30 a 11:30.<br \/>\nLa Fundaci\u00f3n Avon, junto a LALCEC, en su lucha incansable para derrotar el c\u00e1ncer de mamas tiene como objetivos:<br \/>\n-Ayudar a cada mujer a conocer los riesgos.<br \/>\n-Ayudar a cada mujer a conocer los s\u00edntomas.<br \/>\n-Asegurarnos de que toda mujer sepa c\u00f3mo accionar y entienda que una mamograf\u00eda al a\u00f1o le puede salvar la vida!!<\/p>\n<p>Fuente: Arrecifes Noticias<\/p>\n","protected":false},"excerpt":{"rendered":"<p>En su recorrido anual por el pa\u00eds, el m\u00f3vil de Avon LALCEC llega a Arrecifes. Desde el lunes 19 hasta el jueves 22 de noviembre se realizar\u00e1n mamograf\u00edas gratuitas a mujeres de 40 a 65 a\u00f1os de edad sin cobertura social. Ya pod\u00e9s solicitar turnos en ACEC (Ricardo Guti\u00e9rrez 808), los martes y jueves de [&hellip;]<\/p>\n","protected":false},"author":4,"featured_media":43591,"comment_status":"open","ping_status":"closed","sticky":false,"template":"","format":"standard","meta":{"om_disable_all_campaigns":false,"_jetpack_memberships_contains_paid_content":false,"footnotes":""},"categories":[621],"tags":[],"class_list":["post-43589","post","type-post","status-publish","format-standard","has-post-thumbnail","hentry","category-regionales"],"aioseo_notices":[],"gutentor_comment":0,"jetpack_featured_media_url":"https:\/\/eldiariodesanpedro.com.ar\/sitio\/wp-content\/uploads\/2018\/11\/Mam\u00f3grafo-Movil-Lalcec.jpg","jetpack_shortlink":"https:\/\/wp.me\/p6RhLt-bl3","jetpack_sharing_enabled":true,"_links":{"self":[{"href":"https:\/\/eldiariodesanpedro.com.ar\/sitio\/wp-json\/wp\/v2\/posts\/43589","targetHints":{"allow":["GET"]}}],"collection":[{"href":"https:\/\/eldiariodesanpedro.com.ar\/sitio\/wp-json\/wp\/v2\/posts"}],"about":[{"href":"https:\/\/eldiariodesanpedro.com.ar\/sitio\/wp-json\/wp\/v2\/types\/post"}],"author":[{"embeddable":true,"href":"https:\/\/eldiariodesanpedro.com.ar\/sitio\/wp-json\/wp\/v2\/users\/4"}],"replies":[{"embeddable":true,"href":"https:\/\/eldiariodesanpedro.com.ar\/sitio\/wp-json\/wp\/v2\/comments?post=43589"}],"version-history":[{"count":1,"href":"https:\/\/eldiariodesanpedro.com.ar\/sitio\/wp-json\/wp\/v2\/posts\/43589\/revisions"}],"predecessor-version":[{"id":43593,"href":"https:\/\/eldiariodesanpedro.com.ar\/sitio\/wp-json\/wp\/v2\/posts\/43589\/revisions\/43593"}],"wp:featuredmedia":[{"embeddable":true,"href":"https:\/\/eldiariodesanpedro.com.ar\/sitio\/wp-json\/wp\/v2\/media\/43591"}],"wp:attachment":[{"href":"https:\/\/eldiariodesanpedro.com.ar\/sitio\/wp-json\/wp\/v2\/media?parent=43589"}],"wp:term":[{"taxonomy":"category","embeddable":true,"href":"https:\/\/eldiariodesanpedro.com.ar\/sitio\/wp-json\/wp\/v2\/categories?post=43589"},{"taxonomy":"post_tag","embeddable":true,"href":"https:\/\/eldiariodesanpedro.com.ar\/sitio\/wp-json\/wp\/v2\/tags?post=43589"}],"curies":[{"name":"wp","href":"https:\/\/api.w.org\/{rel}","templated":true}]}}