{"id":43586,"date":"2018-11-14T21:16:03","date_gmt":"2018-11-15T00:16:03","guid":{"rendered":"https:\/\/eldiariodesanpedro.com.ar\/sitio\/?p=43586"},"modified":"2018-11-14T21:16:03","modified_gmt":"2018-11-15T00:16:03","slug":"ramallo-la-escuela-tecnica-de-ramallo-en-la-competencia-nacional-de-robotica","status":"publish","type":"post","link":"https:\/\/eldiariodesanpedro.com.ar\/sitio\/ramallo-la-escuela-tecnica-de-ramallo-en-la-competencia-nacional-de-robotica\/","title":{"rendered":"RAMALLO: La escuela t\u00e9cnica de Ramallo en la Competencia Nacional de Rob\u00f3tica"},"content":{"rendered":"<p><!-- VideographyWP Plugin Message: Automatic video embedding prevented by plugin options. --><br \/>\nLos alumnos de 6\u00b0 \u00ab1\u00bb &#8211; grupo 1, representados por Juli\u00e1n Ar\u00edngoli, Agust\u00edn Porta y Braian Butara y acompa\u00f1ados por los profesores Roberto Borselli y Ariel Correa, participaron el \u00faltimo s\u00e1bado de la Liga Nacional de Rob\u00f3tica que se desarroll\u00f3 en Bah\u00eda Blanca. El equipo qued\u00f3 entre los 16 mejores dentro de la modalidad Sumo.<br \/>\nOrganizado por el Grupo de Rob\u00f3tica y Simulaci\u00f3n de la UTN, se realiz\u00f3 este s\u00e1bado en Bah\u00eda Blanca la XVI edici\u00f3n de la Liga Nacional de Rob\u00f3tica con representantes de escuelas secundarias, terciarias y universidades de todo el pa\u00eds.<br \/>\nEl equipo de la Escuela T\u00e9cnica N\u00b01 \u201cBonifacio Vel\u00e1zquez\u201d compiti\u00f3 en la modalidad \u00abSumo\u00bb con otros 67 robots. Avanzaron tres instancias y en la cuarta etapa (8vos. de final) perdieron 2-1 quedando entre los 16 mejores exponentes de esa categor\u00eda.<br \/>\nEn total hubo aproximadamente 300 competidores en las modalidades de f\u00fatbol, pista de carreras, laberinto, mega sumo y mini sumo de diferentes establecimientos educativos de Tucum\u00e1n, C\u00f3rdoba, Bah\u00eda Blanca, Gral. Pico, Ayacucho, entre otros\u2026<\/p>\n<p>Fuente: Ramallo Ciudad<\/p>\n","protected":false},"excerpt":{"rendered":"<p>Los alumnos de 6\u00b0 \u00ab1\u00bb &#8211; grupo 1, representados por Juli\u00e1n Ar\u00edngoli, Agust\u00edn Porta y Braian Butara y acompa\u00f1ados por los profesores Roberto Borselli y Ariel Correa, participaron el \u00faltimo s\u00e1bado de la Liga Nacional de Rob\u00f3tica que se desarroll\u00f3 en Bah\u00eda Blanca. El equipo qued\u00f3 entre los 16 mejores dentro de la modalidad Sumo. [&hellip;]<\/p>\n","protected":false},"author":4,"featured_media":43587,"comment_status":"open","ping_status":"closed","sticky":false,"template":"","format":"standard","meta":{"om_disable_all_campaigns":false,"_jetpack_memberships_contains_paid_content":false,"footnotes":""},"categories":[621],"tags":[],"class_list":["post-43586","post","type-post","status-publish","format-standard","has-post-thumbnail","hentry","category-regionales"],"aioseo_notices":[],"gutentor_comment":0,"jetpack_featured_media_url":"https:\/\/eldiariodesanpedro.com.ar\/sitio\/wp-content\/uploads\/2018\/11\/tecnica_robotica.jpg","jetpack_shortlink":"https:\/\/wp.me\/p6RhLt-bl0","jetpack_sharing_enabled":true,"_links":{"self":[{"href":"https:\/\/eldiariodesanpedro.com.ar\/sitio\/wp-json\/wp\/v2\/posts\/43586","targetHints":{"allow":["GET"]}}],"collection":[{"href":"https:\/\/eldiariodesanpedro.com.ar\/sitio\/wp-json\/wp\/v2\/posts"}],"about":[{"href":"https:\/\/eldiariodesanpedro.com.ar\/sitio\/wp-json\/wp\/v2\/types\/post"}],"author":[{"embeddable":true,"href":"https:\/\/eldiariodesanpedro.com.ar\/sitio\/wp-json\/wp\/v2\/users\/4"}],"replies":[{"embeddable":true,"href":"https:\/\/eldiariodesanpedro.com.ar\/sitio\/wp-json\/wp\/v2\/comments?post=43586"}],"version-history":[{"count":1,"href":"https:\/\/eldiariodesanpedro.com.ar\/sitio\/wp-json\/wp\/v2\/posts\/43586\/revisions"}],"predecessor-version":[{"id":43588,"href":"https:\/\/eldiariodesanpedro.com.ar\/sitio\/wp-json\/wp\/v2\/posts\/43586\/revisions\/43588"}],"wp:featuredmedia":[{"embeddable":true,"href":"https:\/\/eldiariodesanpedro.com.ar\/sitio\/wp-json\/wp\/v2\/media\/43587"}],"wp:attachment":[{"href":"https:\/\/eldiariodesanpedro.com.ar\/sitio\/wp-json\/wp\/v2\/media?parent=43586"}],"wp:term":[{"taxonomy":"category","embeddable":true,"href":"https:\/\/eldiariodesanpedro.com.ar\/sitio\/wp-json\/wp\/v2\/categories?post=43586"},{"taxonomy":"post_tag","embeddable":true,"href":"https:\/\/eldiariodesanpedro.com.ar\/sitio\/wp-json\/wp\/v2\/tags?post=43586"}],"curies":[{"name":"wp","href":"https:\/\/api.w.org\/{rel}","templated":true}]}}