{"id":43583,"date":"2018-11-14T21:13:57","date_gmt":"2018-11-15T00:13:57","guid":{"rendered":"https:\/\/eldiariodesanpedro.com.ar\/sitio\/?p=43583"},"modified":"2018-11-14T21:13:57","modified_gmt":"2018-11-15T00:13:57","slug":"campana-un-patrullero-choco-contra-un-auto-estacionado-sobre-rpn6","status":"publish","type":"post","link":"https:\/\/eldiariodesanpedro.com.ar\/sitio\/campana-un-patrullero-choco-contra-un-auto-estacionado-sobre-rpn6\/","title":{"rendered":"CAMPANA: Un patrullero choc\u00f3 contra un auto estacionado sobre RPN\u00b06"},"content":{"rendered":"<p><!-- VideographyWP Plugin Message: Automatic video embedding prevented by plugin options. --><br \/>\nUn m\u00f3vil del Comando de Patrulla que se dirig\u00eda a dar respuesta a un llamado del 911 choc\u00f3 contra un autom\u00f3vil estacionado sobre la v\u00eda asf\u00e1ltica de la ruta N\u00b06 y Bertolini mano a Panamericana. El Renault Megane se encontraba sin pasajeros en el momento del impacto.<\/p>\n<p>El hecho ocurri\u00f3 en la primeras horas de hoy, donde tuvieron que asistir otros m\u00f3viles policiales y el SAME.<br \/>\nPor razones que se desconocen, un autom\u00f3vil que al parecer ten\u00eda desperfectos t\u00e9cnicos se encontraba parado sobre la ruta y el patrullero lo embisti\u00f3 de lleno por la parte trasera, quedando dos efectivos policiales atrapados en el lugar.<\/p>\n<p>Los polic\u00edas resultaron con heridas leves y fueron atendidos en el HMSJ de nuestra ciudad.<\/p>\n<p>Fuente: Campana Argentina<\/p>\n","protected":false},"excerpt":{"rendered":"<p>Un m\u00f3vil del Comando de Patrulla que se dirig\u00eda a dar respuesta a un llamado del 911 choc\u00f3 contra un autom\u00f3vil estacionado sobre la v\u00eda asf\u00e1ltica de la ruta N\u00b06 y Bertolini mano a Panamericana. El Renault Megane se encontraba sin pasajeros en el momento del impacto. El hecho ocurri\u00f3 en la primeras horas de [&hellip;]<\/p>\n","protected":false},"author":4,"featured_media":43584,"comment_status":"open","ping_status":"closed","sticky":false,"template":"","format":"standard","meta":{"om_disable_all_campaigns":false,"_jetpack_memberships_contains_paid_content":false,"footnotes":""},"categories":[621],"tags":[],"class_list":["post-43583","post","type-post","status-publish","format-standard","has-post-thumbnail","hentry","category-regionales"],"aioseo_notices":[],"gutentor_comment":0,"jetpack_featured_media_url":"https:\/\/eldiariodesanpedro.com.ar\/sitio\/wp-content\/uploads\/2018\/11\/PAGINA-6-5.jpg","jetpack_shortlink":"https:\/\/wp.me\/p6RhLt-bkX","jetpack_sharing_enabled":true,"_links":{"self":[{"href":"https:\/\/eldiariodesanpedro.com.ar\/sitio\/wp-json\/wp\/v2\/posts\/43583","targetHints":{"allow":["GET"]}}],"collection":[{"href":"https:\/\/eldiariodesanpedro.com.ar\/sitio\/wp-json\/wp\/v2\/posts"}],"about":[{"href":"https:\/\/eldiariodesanpedro.com.ar\/sitio\/wp-json\/wp\/v2\/types\/post"}],"author":[{"embeddable":true,"href":"https:\/\/eldiariodesanpedro.com.ar\/sitio\/wp-json\/wp\/v2\/users\/4"}],"replies":[{"embeddable":true,"href":"https:\/\/eldiariodesanpedro.com.ar\/sitio\/wp-json\/wp\/v2\/comments?post=43583"}],"version-history":[{"count":1,"href":"https:\/\/eldiariodesanpedro.com.ar\/sitio\/wp-json\/wp\/v2\/posts\/43583\/revisions"}],"predecessor-version":[{"id":43585,"href":"https:\/\/eldiariodesanpedro.com.ar\/sitio\/wp-json\/wp\/v2\/posts\/43583\/revisions\/43585"}],"wp:featuredmedia":[{"embeddable":true,"href":"https:\/\/eldiariodesanpedro.com.ar\/sitio\/wp-json\/wp\/v2\/media\/43584"}],"wp:attachment":[{"href":"https:\/\/eldiariodesanpedro.com.ar\/sitio\/wp-json\/wp\/v2\/media?parent=43583"}],"wp:term":[{"taxonomy":"category","embeddable":true,"href":"https:\/\/eldiariodesanpedro.com.ar\/sitio\/wp-json\/wp\/v2\/categories?post=43583"},{"taxonomy":"post_tag","embeddable":true,"href":"https:\/\/eldiariodesanpedro.com.ar\/sitio\/wp-json\/wp\/v2\/tags?post=43583"}],"curies":[{"name":"wp","href":"https:\/\/api.w.org\/{rel}","templated":true}]}}