{"id":43578,"date":"2018-11-14T21:06:58","date_gmt":"2018-11-15T00:06:58","guid":{"rendered":"https:\/\/eldiariodesanpedro.com.ar\/sitio\/?p=43578"},"modified":"2018-11-14T21:06:58","modified_gmt":"2018-11-15T00:06:58","slug":"una-joven-trasladada-con-lesiones-al-colisionar-con-su-motocicleta-con-un-automovil","status":"publish","type":"post","link":"https:\/\/eldiariodesanpedro.com.ar\/sitio\/una-joven-trasladada-con-lesiones-al-colisionar-con-su-motocicleta-con-un-automovil\/","title":{"rendered":"Una joven trasladada con lesiones al colisionar con su motocicleta con un autom\u00f3vil"},"content":{"rendered":"<p><!-- VideographyWP Plugin Message: Automatic video embedding prevented by plugin options. --><br \/>\nEsta ma\u00f1ana se produjo un accidente entre una motocicleta marca Gilera 110 cc y un autom\u00f3vil marca Honda Fit. Una joven fue trasladada con lesiones varias al Hospital.<\/p>\n<p>Seg\u00fan testigos, la joven que conduc\u00eda el rodado menor se trasladaba sola por Lucio Mansilla al 7100, cuando un auto intent\u00f3 pasarla a toda velocidad y con la parte trasera de la puerta le toca el volante y es despedida hacia el costado de la ruta.<\/p>\n<p>El autom\u00f3vil era conducido por una persona mayor, que paro su velocidad 200 mts m\u00e1s adelante, cuando se dio cuenta del accidente y volvi\u00f3 hacia el lugar: \u201cno la vi\u201d expres\u00f3 el conductor.<\/p>\n<p>La ambulancia del SAME traslad\u00f3 a la joven hac\u00eda la guardia del hospital, seg\u00fan el parte m\u00e9dico sufri\u00f3<br \/>\nescoriaciones varias de car\u00e1cter leve traumatismo de cr\u00e1neo y traumatismo varios en su cuerpo.<\/p>\n","protected":false},"excerpt":{"rendered":"<p>Esta ma\u00f1ana se produjo un accidente entre una motocicleta marca Gilera 110 cc y un autom\u00f3vil marca Honda Fit. Una joven fue trasladada con lesiones varias al Hospital. Seg\u00fan testigos, la joven que conduc\u00eda el rodado menor se trasladaba sola por Lucio Mansilla al 7100, cuando un auto intent\u00f3 pasarla a toda velocidad y con [&hellip;]<\/p>\n","protected":false},"author":4,"featured_media":10265,"comment_status":"open","ping_status":"closed","sticky":false,"template":"","format":"standard","meta":{"om_disable_all_campaigns":false,"_jetpack_memberships_contains_paid_content":false,"footnotes":""},"categories":[2,103],"tags":[],"class_list":["post-43578","post","type-post","status-publish","format-standard","has-post-thumbnail","hentry","category-locales","category-policiales-locales"],"aioseo_notices":[],"gutentor_comment":0,"jetpack_featured_media_url":"https:\/\/eldiariodesanpedro.com.ar\/sitio\/wp-content\/uploads\/2016\/11\/hospital-san-pedro.jpg","jetpack_shortlink":"https:\/\/wp.me\/p6RhLt-bkS","jetpack_sharing_enabled":true,"_links":{"self":[{"href":"https:\/\/eldiariodesanpedro.com.ar\/sitio\/wp-json\/wp\/v2\/posts\/43578","targetHints":{"allow":["GET"]}}],"collection":[{"href":"https:\/\/eldiariodesanpedro.com.ar\/sitio\/wp-json\/wp\/v2\/posts"}],"about":[{"href":"https:\/\/eldiariodesanpedro.com.ar\/sitio\/wp-json\/wp\/v2\/types\/post"}],"author":[{"embeddable":true,"href":"https:\/\/eldiariodesanpedro.com.ar\/sitio\/wp-json\/wp\/v2\/users\/4"}],"replies":[{"embeddable":true,"href":"https:\/\/eldiariodesanpedro.com.ar\/sitio\/wp-json\/wp\/v2\/comments?post=43578"}],"version-history":[{"count":2,"href":"https:\/\/eldiariodesanpedro.com.ar\/sitio\/wp-json\/wp\/v2\/posts\/43578\/revisions"}],"predecessor-version":[{"id":43581,"href":"https:\/\/eldiariodesanpedro.com.ar\/sitio\/wp-json\/wp\/v2\/posts\/43578\/revisions\/43581"}],"wp:featuredmedia":[{"embeddable":true,"href":"https:\/\/eldiariodesanpedro.com.ar\/sitio\/wp-json\/wp\/v2\/media\/10265"}],"wp:attachment":[{"href":"https:\/\/eldiariodesanpedro.com.ar\/sitio\/wp-json\/wp\/v2\/media?parent=43578"}],"wp:term":[{"taxonomy":"category","embeddable":true,"href":"https:\/\/eldiariodesanpedro.com.ar\/sitio\/wp-json\/wp\/v2\/categories?post=43578"},{"taxonomy":"post_tag","embeddable":true,"href":"https:\/\/eldiariodesanpedro.com.ar\/sitio\/wp-json\/wp\/v2\/tags?post=43578"}],"curies":[{"name":"wp","href":"https:\/\/api.w.org\/{rel}","templated":true}]}}