{"id":43572,"date":"2018-11-14T20:58:51","date_gmt":"2018-11-14T23:58:51","guid":{"rendered":"https:\/\/eldiariodesanpedro.com.ar\/sitio\/?p=43572"},"modified":"2026-01-24T00:09:04","modified_gmt":"2026-01-24T03:09:04","slug":"atletismo-pescadores-runnig-team-estuvo-presente-en-san-nicolas","status":"publish","type":"post","link":"https:\/\/eldiariodesanpedro.com.ar\/sitio\/atletismo-pescadores-runnig-team-estuvo-presente-en-san-nicolas\/","title":{"rendered":"ATLETISMO: Pescadores Runnig Team estuvo presente en San Nicol\u00e1s"},"content":{"rendered":"<p><!-- VideographyWP Plugin Message: Automatic video embedding prevented by plugin options. --><br \/>\nSe llev\u00f3 a cabo la 14\u00b0 Edici\u00f3n Marat\u00f3n 10K Ternium 2018 con presencia de atletas de nuestro club en San Nicol\u00e1s.<br \/>\nPodio en damas con el 3\u00ba puesto para karen Rueda -cat. 20 a 24- y 3\u00ba puesto de Micaela Pieroti -25 a 29 a\u00f1os.<br \/>\nTambi\u00e9n participaron Walter Pereyra, Diego Butti, Carlos Butti, Marcos Micelli y Daniel Micelli.<\/p>\n","protected":false},"excerpt":{"rendered":"<p>Se llev\u00f3 a cabo la 14\u00b0 Edici\u00f3n Marat\u00f3n 10K Ternium 2018 con presencia de atletas de nuestro club en San Nicol\u00e1s. Podio en damas con el 3\u00ba puesto para karen Rueda -cat. 20 a 24- y 3\u00ba puesto de Micaela Pieroti -25 a 29 a\u00f1os. Tambi\u00e9n participaron Walter Pereyra, Diego Butti, Carlos Butti, Marcos Micelli [&hellip;]<\/p>\n","protected":false},"author":4,"featured_media":22998,"comment_status":"open","ping_status":"closed","sticky":false,"template":"","format":"standard","meta":{"om_disable_all_campaigns":false,"_jetpack_memberships_contains_paid_content":false,"footnotes":""},"categories":[5],"tags":[],"class_list":["post-43572","post","type-post","status-publish","format-standard","has-post-thumbnail","hentry","category-deportes"],"aioseo_notices":[],"gutentor_comment":0,"jetpack_featured_media_url":"https:\/\/eldiariodesanpedro.com.ar\/sitio\/wp-content\/uploads\/2017\/09\/maraton-atletismo.jpg","jetpack_shortlink":"https:\/\/wp.me\/p6RhLt-bkM","jetpack_sharing_enabled":true,"_links":{"self":[{"href":"https:\/\/eldiariodesanpedro.com.ar\/sitio\/wp-json\/wp\/v2\/posts\/43572","targetHints":{"allow":["GET"]}}],"collection":[{"href":"https:\/\/eldiariodesanpedro.com.ar\/sitio\/wp-json\/wp\/v2\/posts"}],"about":[{"href":"https:\/\/eldiariodesanpedro.com.ar\/sitio\/wp-json\/wp\/v2\/types\/post"}],"author":[{"embeddable":true,"href":"https:\/\/eldiariodesanpedro.com.ar\/sitio\/wp-json\/wp\/v2\/users\/4"}],"replies":[{"embeddable":true,"href":"https:\/\/eldiariodesanpedro.com.ar\/sitio\/wp-json\/wp\/v2\/comments?post=43572"}],"version-history":[{"count":2,"href":"https:\/\/eldiariodesanpedro.com.ar\/sitio\/wp-json\/wp\/v2\/posts\/43572\/revisions"}],"predecessor-version":[{"id":43577,"href":"https:\/\/eldiariodesanpedro.com.ar\/sitio\/wp-json\/wp\/v2\/posts\/43572\/revisions\/43577"}],"wp:featuredmedia":[{"embeddable":true,"href":"https:\/\/eldiariodesanpedro.com.ar\/sitio\/wp-json\/wp\/v2\/media\/22998"}],"wp:attachment":[{"href":"https:\/\/eldiariodesanpedro.com.ar\/sitio\/wp-json\/wp\/v2\/media?parent=43572"}],"wp:term":[{"taxonomy":"category","embeddable":true,"href":"https:\/\/eldiariodesanpedro.com.ar\/sitio\/wp-json\/wp\/v2\/categories?post=43572"},{"taxonomy":"post_tag","embeddable":true,"href":"https:\/\/eldiariodesanpedro.com.ar\/sitio\/wp-json\/wp\/v2\/tags?post=43572"}],"curies":[{"name":"wp","href":"https:\/\/api.w.org\/{rel}","templated":true}]}}