{"id":43566,"date":"2018-11-14T20:56:00","date_gmt":"2018-11-14T23:56:00","guid":{"rendered":"https:\/\/eldiariodesanpedro.com.ar\/sitio\/?p=43566"},"modified":"2026-01-24T00:09:04","modified_gmt":"2026-01-24T03:09:04","slug":"futbol-nacional-mitre-jugara-el-torneo-regional-amateur-2019","status":"publish","type":"post","link":"https:\/\/eldiariodesanpedro.com.ar\/sitio\/futbol-nacional-mitre-jugara-el-torneo-regional-amateur-2019\/","title":{"rendered":"F\u00daTBOL NACIONAL: Mitre jugar\u00e1 el Torneo Regional Amateur 2019"},"content":{"rendered":"<p><!-- VideographyWP Plugin Message: Automatic video embedding prevented by plugin options. --><br \/>\nLuego de dos reuniones entre CD, socios y colaboradores, la entidad que preside Germ\u00e1n Cod\u00f3 lleg\u00f3 a definir su participaci\u00f3n en dicho certamen, siendo positiva.<br \/>\nEl Torneo Regional Amateur comenzar\u00e1 a disputarse a partir de 2019, siendo el certamen que suplante al Federal B y C, organizado por el Consejo Federal de AFA. Para disputar el mismo cada liga tuvo que homologar su certamen, para lo cual se present\u00f3 una carpeta con datos y requerimientos que el CF dispuso.<br \/>\nCabe mencionar que de 59 ligas en la regi\u00f3n bonaerense, s\u00f3lo ocho cumplieron con dicho tramite en tiempo y forma, entre ellas la Liga Deportiva Sampedrina, requisito que luego se extendi\u00f3 hasta este mi\u00e9rcoles 14 de noviembre, fecha en que otras 20 tienen que presentar documentaci\u00f3n faltante, de lo contrario sus equipos no podr\u00e1n disputar el torneo.<br \/>\nMitre obtuvo el derecho al ganar el Apertura y ser el equipo con mayor cantidad de puntos en la tabla general de la temporada, llegando inclusive a las semifinales del Clausura.<br \/>\nMitre particip\u00f3 por primera vez en el a\u00f1o 1992-93 (foto de portada, en Pehuaj\u00f3) en un certamen de esta naturaleza, y la \u00faltima fue en 2012, llegando hasta la tercera ronda, quedando en el camino con Sportsman de C. de Areco, equipo que finalmente lleg\u00f3 al Federal B.<br \/>\nAhora solo habr\u00e1 que esperar que el Estadio Municipal cuente con lo necesario para ser aprobado por el Aprevide, lo que se descarta luego de la reuni\u00f3n mantenida por Mitre con el Intendente Municipal Sr. Cecilio Salazar, quien \u2018prometi\u00f3 su apoyo\u2018, seg\u00fan expresaron allegados a la entidad \u201croja\u201d.<br \/>\nLa entidad a trav\u00e9s de su web oficial confirm\u00f3 su participaci\u00f3n con este mensaje a los hinchas:<br \/>\nEste lunes en el predio de R\u00f3mulo Nah\u00f3n y Caseros, en la \u00faltima reuni\u00f3n de las dos previstas para oficializar o no la participaci\u00f3n en el Torneo Regional Amateur 2019, 1ra edici\u00f3n que organiza el Consejo Federal de AFA, la comisi\u00f3n directiva decidi\u00f3 que el Club Atl\u00e9tico Mitre represente a la ciudad en dicho certamen, derecho deportivo adquirido en la temporada.<br \/>\nTodas las opiniones fueron escuchadas, los aspectos deportivos y econ\u00f3micos fueron puestos en consideraci\u00f3n por los socios y simpatizantes hasta que finalmente se tom\u00f3 la decisi\u00f3n m\u00e1s elegida por la mayor\u00eda.<br \/>\nA partir de hoy se decidi\u00f3 conformar un grupo de trabajo para que cada necesidad sea cubierta de la manera m\u00e1s eficiente, para que el cuerpo t\u00e9cnico y los jugadores puedan enfrentar el torneo con la responsabilidad necesaria contando con el apoyo adecuado para tal fin.<br \/>\nEste grupo est\u00e1 invitando a la colaboraci\u00f3n de cada hincha, en cada rinc\u00f3n de la ciudad para lograr que el objetivo sea el \u00e9xito que la historia del club merece.<br \/>\nCada aporte dedicado por los simpatizantes, tanto en tiempo y trabajo como econ\u00f3mico es muy necesario y ser\u00e1 bien valorado.<br \/>\nLos esperamos a sumarse a esta campa\u00f1a.<\/p>\n","protected":false},"excerpt":{"rendered":"<p>Luego de dos reuniones entre CD, socios y colaboradores, la entidad que preside Germ\u00e1n Cod\u00f3 lleg\u00f3 a definir su participaci\u00f3n en dicho certamen, siendo positiva. El Torneo Regional Amateur comenzar\u00e1 a disputarse a partir de 2019, siendo el certamen que suplante al Federal B y C, organizado por el Consejo Federal de AFA. Para disputar [&hellip;]<\/p>\n","protected":false},"author":4,"featured_media":35528,"comment_status":"open","ping_status":"closed","sticky":false,"template":"","format":"standard","meta":{"om_disable_all_campaigns":false,"_jetpack_memberships_contains_paid_content":false,"footnotes":""},"categories":[5],"tags":[],"class_list":["post-43566","post","type-post","status-publish","format-standard","has-post-thumbnail","hentry","category-deportes"],"aioseo_notices":[],"gutentor_comment":0,"jetpack_featured_media_url":"https:\/\/eldiariodesanpedro.com.ar\/sitio\/wp-content\/uploads\/2018\/06\/futbol-5.jpg","jetpack_shortlink":"https:\/\/wp.me\/p6RhLt-bkG","jetpack_sharing_enabled":true,"_links":{"self":[{"href":"https:\/\/eldiariodesanpedro.com.ar\/sitio\/wp-json\/wp\/v2\/posts\/43566","targetHints":{"allow":["GET"]}}],"collection":[{"href":"https:\/\/eldiariodesanpedro.com.ar\/sitio\/wp-json\/wp\/v2\/posts"}],"about":[{"href":"https:\/\/eldiariodesanpedro.com.ar\/sitio\/wp-json\/wp\/v2\/types\/post"}],"author":[{"embeddable":true,"href":"https:\/\/eldiariodesanpedro.com.ar\/sitio\/wp-json\/wp\/v2\/users\/4"}],"replies":[{"embeddable":true,"href":"https:\/\/eldiariodesanpedro.com.ar\/sitio\/wp-json\/wp\/v2\/comments?post=43566"}],"version-history":[{"count":2,"href":"https:\/\/eldiariodesanpedro.com.ar\/sitio\/wp-json\/wp\/v2\/posts\/43566\/revisions"}],"predecessor-version":[{"id":43573,"href":"https:\/\/eldiariodesanpedro.com.ar\/sitio\/wp-json\/wp\/v2\/posts\/43566\/revisions\/43573"}],"wp:featuredmedia":[{"embeddable":true,"href":"https:\/\/eldiariodesanpedro.com.ar\/sitio\/wp-json\/wp\/v2\/media\/35528"}],"wp:attachment":[{"href":"https:\/\/eldiariodesanpedro.com.ar\/sitio\/wp-json\/wp\/v2\/media?parent=43566"}],"wp:term":[{"taxonomy":"category","embeddable":true,"href":"https:\/\/eldiariodesanpedro.com.ar\/sitio\/wp-json\/wp\/v2\/categories?post=43566"},{"taxonomy":"post_tag","embeddable":true,"href":"https:\/\/eldiariodesanpedro.com.ar\/sitio\/wp-json\/wp\/v2\/tags?post=43566"}],"curies":[{"name":"wp","href":"https:\/\/api.w.org\/{rel}","templated":true}]}}