{"id":43559,"date":"2018-11-14T19:38:10","date_gmt":"2018-11-14T22:38:10","guid":{"rendered":"https:\/\/eldiariodesanpedro.com.ar\/sitio\/?p=43559"},"modified":"2018-11-14T19:38:10","modified_gmt":"2018-11-14T22:38:10","slug":"eliseo-almada-renuncio-al-hcd-para-asumir-como-presidente-del-consorcio-de-gestion-del-puerto","status":"publish","type":"post","link":"https:\/\/eldiariodesanpedro.com.ar\/sitio\/eliseo-almada-renuncio-al-hcd-para-asumir-como-presidente-del-consorcio-de-gestion-del-puerto\/","title":{"rendered":"Eliseo Almada renuncio al HCD para asumir como presidente del Consorcio de Gesti\u00f3n del Puerto"},"content":{"rendered":"<p><!-- VideographyWP Plugin Message: Automatic video embedding prevented by plugin options. --><br \/>\nEste lunes 12 del corriente mes, Eliseo Almada presento su renuncia como Subsecretario Legislativo del HCD para asumir a la presidencia del Consorcio de Gesti\u00f3n del Puerto Local.<\/p>\n<p>Si bien a\u00fan no est\u00e1 la designaci\u00f3n oficial del Ministro de Producci\u00f3n Javier Tizado, el funcionario ya hab\u00eda confirmado la designaci\u00f3n de Almada, sindicalista pr\u00f3ximo al Intendente Cecilio Salazar.<\/p>\n<p>Almada tiene como primer desaf\u00edo revertir las consecuencias del gran incendio que afect\u00f3 a la terminal portuaria durante el fin de semana y que dej\u00f3 sin posibilidad de operar.<\/p>\n<p>\u00abPor la presente me dirijo a Ud. a fin de presentar mi renuncia al cargo de Subsecretario Legislativo del Honorable Concejo Deliberante, a partir del d\u00eda 11 de noviembre del corriente, por motivo de asumir la Presidencia del Consorcio de Gesti\u00f3n del Puerto de San Pedro\u00bb, dice el expediente presentado el lunes 12.<\/p>\n","protected":false},"excerpt":{"rendered":"<p>Este lunes 12 del corriente mes, Eliseo Almada presento su renuncia como Subsecretario Legislativo del HCD para asumir a la presidencia del Consorcio de Gesti\u00f3n del Puerto Local. Si bien a\u00fan no est\u00e1 la designaci\u00f3n oficial del Ministro de Producci\u00f3n Javier Tizado, el funcionario ya hab\u00eda confirmado la designaci\u00f3n de Almada, sindicalista pr\u00f3ximo al Intendente [&hellip;]<\/p>\n","protected":false},"author":4,"featured_media":43560,"comment_status":"open","ping_status":"closed","sticky":false,"template":"","format":"standard","meta":{"om_disable_all_campaigns":false,"_jetpack_memberships_contains_paid_content":false,"footnotes":""},"categories":[50,101,2],"tags":[],"class_list":["post-43559","post","type-post","status-publish","format-standard","has-post-thumbnail","hentry","category-destacadas","category-interes-general-locales","category-locales"],"aioseo_notices":[],"gutentor_comment":0,"jetpack_featured_media_url":"https:\/\/eldiariodesanpedro.com.ar\/sitio\/wp-content\/uploads\/2018\/11\/dsc_0105_1.jpg","jetpack_shortlink":"https:\/\/wp.me\/p6RhLt-bkz","jetpack_sharing_enabled":true,"_links":{"self":[{"href":"https:\/\/eldiariodesanpedro.com.ar\/sitio\/wp-json\/wp\/v2\/posts\/43559","targetHints":{"allow":["GET"]}}],"collection":[{"href":"https:\/\/eldiariodesanpedro.com.ar\/sitio\/wp-json\/wp\/v2\/posts"}],"about":[{"href":"https:\/\/eldiariodesanpedro.com.ar\/sitio\/wp-json\/wp\/v2\/types\/post"}],"author":[{"embeddable":true,"href":"https:\/\/eldiariodesanpedro.com.ar\/sitio\/wp-json\/wp\/v2\/users\/4"}],"replies":[{"embeddable":true,"href":"https:\/\/eldiariodesanpedro.com.ar\/sitio\/wp-json\/wp\/v2\/comments?post=43559"}],"version-history":[{"count":1,"href":"https:\/\/eldiariodesanpedro.com.ar\/sitio\/wp-json\/wp\/v2\/posts\/43559\/revisions"}],"predecessor-version":[{"id":43561,"href":"https:\/\/eldiariodesanpedro.com.ar\/sitio\/wp-json\/wp\/v2\/posts\/43559\/revisions\/43561"}],"wp:featuredmedia":[{"embeddable":true,"href":"https:\/\/eldiariodesanpedro.com.ar\/sitio\/wp-json\/wp\/v2\/media\/43560"}],"wp:attachment":[{"href":"https:\/\/eldiariodesanpedro.com.ar\/sitio\/wp-json\/wp\/v2\/media?parent=43559"}],"wp:term":[{"taxonomy":"category","embeddable":true,"href":"https:\/\/eldiariodesanpedro.com.ar\/sitio\/wp-json\/wp\/v2\/categories?post=43559"},{"taxonomy":"post_tag","embeddable":true,"href":"https:\/\/eldiariodesanpedro.com.ar\/sitio\/wp-json\/wp\/v2\/tags?post=43559"}],"curies":[{"name":"wp","href":"https:\/\/api.w.org\/{rel}","templated":true}]}}