{"id":43545,"date":"2018-11-14T18:48:53","date_gmt":"2018-11-14T21:48:53","guid":{"rendered":"https:\/\/eldiariodesanpedro.com.ar\/sitio\/?p=43545"},"modified":"2018-11-14T18:48:53","modified_gmt":"2018-11-14T21:48:53","slug":"importantes-avances-para-la-repavimentacion-de-la-ruta-191","status":"publish","type":"post","link":"https:\/\/eldiariodesanpedro.com.ar\/sitio\/importantes-avances-para-la-repavimentacion-de-la-ruta-191\/","title":{"rendered":"Importantes avances para la repavimentaci\u00f3n de la Ruta 191"},"content":{"rendered":"<p><!-- VideographyWP Plugin Message: Automatic video embedding prevented by plugin options. --><br \/>\nEsta ma\u00f1ana Intendente Cecilio Salazar y el Delegado de Santa Luc\u00eda, Luis Caram\u00fan participaron de una reuni\u00f3n en la Subsecretar\u00eda de Transporte de la Provincia de Buenos Aires. All\u00ed fueron recibidos por el titular del \u00e1rea Fernando Reaver quien les confirm\u00f3 que la esperada repavimentaci\u00f3n de la Ruta 191 con el acceso a la localidad de Santa Luc\u00eda est\u00e1 inclu\u00edda dentro del  Plan de Obras para el 2019 y que est\u00e1 pr\u00f3ximo a anunciarse dentro del Presupuesto de Infraestructura previsto. <\/p>\n","protected":false},"excerpt":{"rendered":"<p>Esta ma\u00f1ana Intendente Cecilio Salazar y el Delegado de Santa Luc\u00eda, Luis Caram\u00fan participaron de una reuni\u00f3n en la Subsecretar\u00eda de Transporte de la Provincia de Buenos Aires. All\u00ed fueron recibidos por el titular del \u00e1rea Fernando Reaver quien les confirm\u00f3 que la esperada repavimentaci\u00f3n de la Ruta 191 con el acceso a la localidad [&hellip;]<\/p>\n","protected":false},"author":4,"featured_media":43546,"comment_status":"open","ping_status":"closed","sticky":false,"template":"","format":"standard","meta":{"om_disable_all_campaigns":false,"_jetpack_memberships_contains_paid_content":false,"footnotes":""},"categories":[101,2],"tags":[],"class_list":["post-43545","post","type-post","status-publish","format-standard","has-post-thumbnail","hentry","category-interes-general-locales","category-locales"],"aioseo_notices":[],"gutentor_comment":0,"jetpack_featured_media_url":"https:\/\/eldiariodesanpedro.com.ar\/sitio\/wp-content\/uploads\/2018\/11\/PAGINA-4.png","jetpack_shortlink":"https:\/\/wp.me\/p6RhLt-bkl","jetpack_sharing_enabled":true,"_links":{"self":[{"href":"https:\/\/eldiariodesanpedro.com.ar\/sitio\/wp-json\/wp\/v2\/posts\/43545","targetHints":{"allow":["GET"]}}],"collection":[{"href":"https:\/\/eldiariodesanpedro.com.ar\/sitio\/wp-json\/wp\/v2\/posts"}],"about":[{"href":"https:\/\/eldiariodesanpedro.com.ar\/sitio\/wp-json\/wp\/v2\/types\/post"}],"author":[{"embeddable":true,"href":"https:\/\/eldiariodesanpedro.com.ar\/sitio\/wp-json\/wp\/v2\/users\/4"}],"replies":[{"embeddable":true,"href":"https:\/\/eldiariodesanpedro.com.ar\/sitio\/wp-json\/wp\/v2\/comments?post=43545"}],"version-history":[{"count":1,"href":"https:\/\/eldiariodesanpedro.com.ar\/sitio\/wp-json\/wp\/v2\/posts\/43545\/revisions"}],"predecessor-version":[{"id":43547,"href":"https:\/\/eldiariodesanpedro.com.ar\/sitio\/wp-json\/wp\/v2\/posts\/43545\/revisions\/43547"}],"wp:featuredmedia":[{"embeddable":true,"href":"https:\/\/eldiariodesanpedro.com.ar\/sitio\/wp-json\/wp\/v2\/media\/43546"}],"wp:attachment":[{"href":"https:\/\/eldiariodesanpedro.com.ar\/sitio\/wp-json\/wp\/v2\/media?parent=43545"}],"wp:term":[{"taxonomy":"category","embeddable":true,"href":"https:\/\/eldiariodesanpedro.com.ar\/sitio\/wp-json\/wp\/v2\/categories?post=43545"},{"taxonomy":"post_tag","embeddable":true,"href":"https:\/\/eldiariodesanpedro.com.ar\/sitio\/wp-json\/wp\/v2\/tags?post=43545"}],"curies":[{"name":"wp","href":"https:\/\/api.w.org\/{rel}","templated":true}]}}