{"id":43544,"date":"2018-11-14T19:06:41","date_gmt":"2018-11-14T22:06:41","guid":{"rendered":"https:\/\/eldiariodesanpedro.com.ar\/sitio\/?p=43544"},"modified":"2018-11-14T19:06:41","modified_gmt":"2018-11-14T22:06:41","slug":"fueron-encontrados-34-500-pesos-dentro-del-camion-del-accidente-fatal-en-ruta-9","status":"publish","type":"post","link":"https:\/\/eldiariodesanpedro.com.ar\/sitio\/fueron-encontrados-34-500-pesos-dentro-del-camion-del-accidente-fatal-en-ruta-9\/","title":{"rendered":"Fueron encontrados 34.500 pesos dentro del cami\u00f3n del accidente fatal en Ruta 9"},"content":{"rendered":"<p><!-- VideographyWP Plugin Message: Automatic video embedding prevented by plugin options. --><br \/>\nLuego del accidente que se produjo esta ma\u00f1ana donde perdi\u00f3 la vida un joven oriundo de Rosario, quien impacto con su camioneta contra un cami\u00f3n, fueron encontrados por polic\u00edas sampedrinos 34,500 pesos. Seran devueltos a su propietario.<\/p>\n<p>El siniestro se produjo esta ma\u00f1ana sobre Ruta 9, km 155 donde se cobro la vida de un joven de 29 a\u00f1os de edad, que circulaba en una camioneta, cuando por causas que se tratan de esclarecer, se cruzo de carril e impacto de frente contra un semi de mayor porte.<\/p>\n<p>Los efectivos policiales que se encontraban realizando el operativo, luego de que un grupo de polic\u00edas de la comisar\u00eda de San Pedro que qued\u00f3 en el lugar para controlar el tr\u00e1nsito, estuvieron terminando su labor requisando nuevamente los veh\u00edculos.<\/p>\n<p>Fue en ese momento donde en el interior del cami\u00f3n se hall\u00f3 34.500 pesos bajo el colch\u00f3n de la cucheta.<\/p>\n<p>De inmediato comunicaron la novedad y se labr\u00f3 un acta donde en las pr\u00f3ximas horas sera restituido a su due\u00f1o que se encuentra internado en el hospital.<\/p>\n","protected":false},"excerpt":{"rendered":"<p>Luego del accidente que se produjo esta ma\u00f1ana donde perdi\u00f3 la vida un joven oriundo de Rosario, quien impacto con su camioneta contra un cami\u00f3n, fueron encontrados por polic\u00edas sampedrinos 34,500 pesos. Seran devueltos a su propietario. El siniestro se produjo esta ma\u00f1ana sobre Ruta 9, km 155 donde se cobro la vida de un [&hellip;]<\/p>\n","protected":false},"author":4,"featured_media":43550,"comment_status":"open","ping_status":"closed","sticky":false,"template":"","format":"standard","meta":{"om_disable_all_campaigns":false,"_jetpack_memberships_contains_paid_content":false,"footnotes":""},"categories":[50,2,103],"tags":[],"class_list":["post-43544","post","type-post","status-publish","format-standard","has-post-thumbnail","hentry","category-destacadas","category-locales","category-policiales-locales"],"aioseo_notices":[],"gutentor_comment":0,"jetpack_featured_media_url":"https:\/\/eldiariodesanpedro.com.ar\/sitio\/wp-content\/uploads\/2018\/11\/WhatsApp-Image-2018-11-14-at-18.42.50.jpeg","jetpack_shortlink":"https:\/\/wp.me\/p6RhLt-bkk","jetpack_sharing_enabled":true,"_links":{"self":[{"href":"https:\/\/eldiariodesanpedro.com.ar\/sitio\/wp-json\/wp\/v2\/posts\/43544","targetHints":{"allow":["GET"]}}],"collection":[{"href":"https:\/\/eldiariodesanpedro.com.ar\/sitio\/wp-json\/wp\/v2\/posts"}],"about":[{"href":"https:\/\/eldiariodesanpedro.com.ar\/sitio\/wp-json\/wp\/v2\/types\/post"}],"author":[{"embeddable":true,"href":"https:\/\/eldiariodesanpedro.com.ar\/sitio\/wp-json\/wp\/v2\/users\/4"}],"replies":[{"embeddable":true,"href":"https:\/\/eldiariodesanpedro.com.ar\/sitio\/wp-json\/wp\/v2\/comments?post=43544"}],"version-history":[{"count":1,"href":"https:\/\/eldiariodesanpedro.com.ar\/sitio\/wp-json\/wp\/v2\/posts\/43544\/revisions"}],"predecessor-version":[{"id":43551,"href":"https:\/\/eldiariodesanpedro.com.ar\/sitio\/wp-json\/wp\/v2\/posts\/43544\/revisions\/43551"}],"wp:featuredmedia":[{"embeddable":true,"href":"https:\/\/eldiariodesanpedro.com.ar\/sitio\/wp-json\/wp\/v2\/media\/43550"}],"wp:attachment":[{"href":"https:\/\/eldiariodesanpedro.com.ar\/sitio\/wp-json\/wp\/v2\/media?parent=43544"}],"wp:term":[{"taxonomy":"category","embeddable":true,"href":"https:\/\/eldiariodesanpedro.com.ar\/sitio\/wp-json\/wp\/v2\/categories?post=43544"},{"taxonomy":"post_tag","embeddable":true,"href":"https:\/\/eldiariodesanpedro.com.ar\/sitio\/wp-json\/wp\/v2\/tags?post=43544"}],"curies":[{"name":"wp","href":"https:\/\/api.w.org\/{rel}","templated":true}]}}