{"id":43535,"date":"2018-11-14T11:42:23","date_gmt":"2018-11-14T14:42:23","guid":{"rendered":"https:\/\/eldiariodesanpedro.com.ar\/sitio\/?p=43535"},"modified":"2018-11-14T18:38:48","modified_gmt":"2018-11-14T21:38:48","slug":"un-automovilista-abrio-la-puerta-de-su-auto-y-lo-impacto-una-motocicleta","status":"publish","type":"post","link":"https:\/\/eldiariodesanpedro.com.ar\/sitio\/un-automovilista-abrio-la-puerta-de-su-auto-y-lo-impacto-una-motocicleta\/","title":{"rendered":"Un automovilista abri\u00f3 la puerta de su auto y lo impact\u00f3 una motocicleta"},"content":{"rendered":"<p><!-- VideographyWP Plugin Message: Automatic video embedding prevented by plugin options. --><br \/>\nEn la ma\u00f1ana de este mi\u00e9rcoles, alrededor de las 11 hs, se produjo un nuevo accidente de tr\u00e1nsito dentro de nuestra ciudad. <\/p>\n<p>Es esta ocasi\u00f3n ocurri\u00f3 en la Av. 3 de Febrero al 400, entre calle Gomendio y Almafuerte, donde un autom\u00f3vil marca Volkswagen Vento color blanco que se encontraba estacionado, abre la puerta el conductor, aparentemente sin mirar hacia atr\u00e1s, siendo impactado por una motocicleta marca Max 70 cc en la que circulaba una joven de alrededor de 20 a\u00f1os de edad.<\/p>\n<p>Al momento de consultarle a quien conduc\u00eda el rodado mayor, nos comento: \u00bb Abr\u00ed la puerta y no la vi, de cualquier manera en ese momento no pasaba nadie mas, tenia toda la calle para pasar y pas\u00f3 por al lado del auto\u00bb se justific\u00f3 el propietario.<\/p>\n<p>Este es un caso muy com\u00fan que ocurre en nuestra ciudad para todos los que circulan en motocicleta o bicicleta, donde los conductores de autom\u00f3viles irresponsables no miran hacia atr\u00e1s antes de bajarse del veh\u00edculo.<\/p>\n<p>En el caso de la joven motociclista, fue trasladada por el servicio del SAME al nosocomio local, donde se constato que solo presentaba escoriaciones y golpes leves.<\/p>\n<p><img decoding=\"async\" data-attachment-id=\"43538\" data-permalink=\"https:\/\/eldiariodesanpedro.com.ar\/sitio\/un-automovilista-abrio-la-puerta-de-su-auto-y-lo-impacto-una-motocicleta\/whatsapp-image-2018-11-14-at-11-26-252\/\" data-orig-file=\"https:\/\/eldiariodesanpedro.com.ar\/sitio\/wp-content\/uploads\/2018\/11\/WhatsApp-Image-2018-11-14-at-11.26.252.jpeg\" data-orig-size=\"1280,622\" data-comments-opened=\"1\" data-image-meta=\"{&quot;aperture&quot;:&quot;0&quot;,&quot;credit&quot;:&quot;&quot;,&quot;camera&quot;:&quot;&quot;,&quot;caption&quot;:&quot;&quot;,&quot;created_timestamp&quot;:&quot;0&quot;,&quot;copyright&quot;:&quot;&quot;,&quot;focal_length&quot;:&quot;0&quot;,&quot;iso&quot;:&quot;0&quot;,&quot;shutter_speed&quot;:&quot;0&quot;,&quot;title&quot;:&quot;&quot;,&quot;orientation&quot;:&quot;0&quot;}\" data-image-title=\"WhatsApp Image 2018-11-14 at 11.26.25(2)\" data-image-description=\"\" data-image-caption=\"\" data-large-file=\"https:\/\/eldiariodesanpedro.com.ar\/sitio\/wp-content\/uploads\/2018\/11\/WhatsApp-Image-2018-11-14-at-11.26.252-1024x498.jpeg\" data-src=\"https:\/\/eldiariodesanpedro.com.ar\/sitio\/wp-content\/uploads\/2018\/11\/WhatsApp-Image-2018-11-14-at-11.26.252-1024x498.jpeg\" alt=\"\" width=\"660\" height=\"321\" class=\"alignnone size-large wp-image-43538 lazyload\" data-srcset=\"https:\/\/eldiariodesanpedro.com.ar\/sitio\/wp-content\/uploads\/2018\/11\/WhatsApp-Image-2018-11-14-at-11.26.252-1024x498.jpeg 1024w, https:\/\/eldiariodesanpedro.com.ar\/sitio\/wp-content\/uploads\/2018\/11\/WhatsApp-Image-2018-11-14-at-11.26.252-300x146.jpeg 300w, https:\/\/eldiariodesanpedro.com.ar\/sitio\/wp-content\/uploads\/2018\/11\/WhatsApp-Image-2018-11-14-at-11.26.252-768x373.jpeg 768w, https:\/\/eldiariodesanpedro.com.ar\/sitio\/wp-content\/uploads\/2018\/11\/WhatsApp-Image-2018-11-14-at-11.26.252.jpeg 1280w\" data-sizes=\"(max-width: 660px) 100vw, 660px\" src=\"data:image\/svg+xml;base64,PHN2ZyB3aWR0aD0iMSIgaGVpZ2h0PSIxIiB4bWxucz0iaHR0cDovL3d3dy53My5vcmcvMjAwMC9zdmciPjwvc3ZnPg==\" style=\"--smush-placeholder-width: 660px; --smush-placeholder-aspect-ratio: 660\/321;\" \/><\/p>\n","protected":false},"excerpt":{"rendered":"<p>En la ma\u00f1ana de este mi\u00e9rcoles, alrededor de las 11 hs, se produjo un nuevo accidente de tr\u00e1nsito dentro de nuestra ciudad. Es esta ocasi\u00f3n ocurri\u00f3 en la Av. 3 de Febrero al 400, entre calle Gomendio y Almafuerte, donde un autom\u00f3vil marca Volkswagen Vento color blanco que se encontraba estacionado, abre la puerta el [&hellip;]<\/p>\n","protected":false},"author":4,"featured_media":43539,"comment_status":"open","ping_status":"closed","sticky":false,"template":"","format":"standard","meta":{"om_disable_all_campaigns":false,"_jetpack_memberships_contains_paid_content":false,"footnotes":""},"categories":[2,103],"tags":[],"class_list":["post-43535","post","type-post","status-publish","format-standard","has-post-thumbnail","hentry","category-locales","category-policiales-locales"],"aioseo_notices":[],"gutentor_comment":0,"jetpack_featured_media_url":"https:\/\/eldiariodesanpedro.com.ar\/sitio\/wp-content\/uploads\/2018\/11\/WhatsApp-Image-2018-11-14-at-11.26.25.jpeg","jetpack_shortlink":"https:\/\/wp.me\/p6RhLt-bkb","jetpack_sharing_enabled":true,"_links":{"self":[{"href":"https:\/\/eldiariodesanpedro.com.ar\/sitio\/wp-json\/wp\/v2\/posts\/43535","targetHints":{"allow":["GET"]}}],"collection":[{"href":"https:\/\/eldiariodesanpedro.com.ar\/sitio\/wp-json\/wp\/v2\/posts"}],"about":[{"href":"https:\/\/eldiariodesanpedro.com.ar\/sitio\/wp-json\/wp\/v2\/types\/post"}],"author":[{"embeddable":true,"href":"https:\/\/eldiariodesanpedro.com.ar\/sitio\/wp-json\/wp\/v2\/users\/4"}],"replies":[{"embeddable":true,"href":"https:\/\/eldiariodesanpedro.com.ar\/sitio\/wp-json\/wp\/v2\/comments?post=43535"}],"version-history":[{"count":3,"href":"https:\/\/eldiariodesanpedro.com.ar\/sitio\/wp-json\/wp\/v2\/posts\/43535\/revisions"}],"predecessor-version":[{"id":43543,"href":"https:\/\/eldiariodesanpedro.com.ar\/sitio\/wp-json\/wp\/v2\/posts\/43535\/revisions\/43543"}],"wp:featuredmedia":[{"embeddable":true,"href":"https:\/\/eldiariodesanpedro.com.ar\/sitio\/wp-json\/wp\/v2\/media\/43539"}],"wp:attachment":[{"href":"https:\/\/eldiariodesanpedro.com.ar\/sitio\/wp-json\/wp\/v2\/media?parent=43535"}],"wp:term":[{"taxonomy":"category","embeddable":true,"href":"https:\/\/eldiariodesanpedro.com.ar\/sitio\/wp-json\/wp\/v2\/categories?post=43535"},{"taxonomy":"post_tag","embeddable":true,"href":"https:\/\/eldiariodesanpedro.com.ar\/sitio\/wp-json\/wp\/v2\/tags?post=43535"}],"curies":[{"name":"wp","href":"https:\/\/api.w.org\/{rel}","templated":true}]}}