{"id":43532,"date":"2018-11-14T11:20:09","date_gmt":"2018-11-14T14:20:09","guid":{"rendered":"https:\/\/eldiariodesanpedro.com.ar\/sitio\/?p=43532"},"modified":"2018-11-14T11:20:09","modified_gmt":"2018-11-14T14:20:09","slug":"dos-aprehendidos-por-pedido-de-paradero-activo-el-secuestro-de-una-camioneta-y-una-motocicleta-robada","status":"publish","type":"post","link":"https:\/\/eldiariodesanpedro.com.ar\/sitio\/dos-aprehendidos-por-pedido-de-paradero-activo-el-secuestro-de-una-camioneta-y-una-motocicleta-robada\/","title":{"rendered":"Dos aprehendidos por pedido de paradero activo, el secuestro de una camioneta  y una motocicleta  robada"},"content":{"rendered":"<p><!-- VideographyWP Plugin Message: Automatic video embedding prevented by plugin options. --><br \/>\nEn el marco de operativo de interceptaci\u00f3n vehicular en distintos puntos de la ciudad, fueron aprehendidos dos personas mayores con pedido de paradero activo, una camioneta fue secuestrada por tener licencia de conducir ap\u00f3crifa y una motocicleta con pedido de secuestro activo.<\/p>\n<p>Sobre calle Pavon al 400, un joven de 26 a\u00f1os de edad, fue aprehendido por registrar pedido de paradero activo con fecha de alta del 24 de abril del corriente a\u00f1o y otro ciudadano de 37, en Av. Sarmiento y 3 de Febrero, aprehendido por la misma raz\u00f3n, con fecha de alta el 26 de marzo de 2009. Luego, en la misma direcci\u00f3n, se identific\u00f3 un un hombre de 50, quien se movilizaba en una motocicleta 110 cc, con pedido de secuestro activo con fecha del 10 de abril del 2014. <\/p>\n<p>Sobre Ruta 1001 y acceso a R\u00edo Tala, se identific\u00f3 a un hombre de 30, quien circulaba a bordo de una camioneta Kangoo, constat\u00e1ndose licencia de conducir ap\u00f3crifa; fue secuestrado el vehiculo y el conductor trasladado a la seccional Policial. <\/p>\n<p>Ambos casos quedaron a disposici\u00f3n de la UFI N\u00ba7 local.<\/p>\n","protected":false},"excerpt":{"rendered":"<p>En el marco de operativo de interceptaci\u00f3n vehicular en distintos puntos de la ciudad, fueron aprehendidos dos personas mayores con pedido de paradero activo, una camioneta fue secuestrada por tener licencia de conducir ap\u00f3crifa y una motocicleta con pedido de secuestro activo. Sobre calle Pavon al 400, un joven de 26 a\u00f1os de edad, fue [&hellip;]<\/p>\n","protected":false},"author":4,"featured_media":37278,"comment_status":"open","ping_status":"closed","sticky":false,"template":"","format":"standard","meta":{"om_disable_all_campaigns":false,"_jetpack_memberships_contains_paid_content":false,"footnotes":""},"categories":[2,103],"tags":[],"class_list":["post-43532","post","type-post","status-publish","format-standard","has-post-thumbnail","hentry","category-locales","category-policiales-locales"],"aioseo_notices":[],"gutentor_comment":0,"jetpack_featured_media_url":"https:\/\/eldiariodesanpedro.com.ar\/sitio\/wp-content\/uploads\/2018\/07\/policia-control-ruta.jpg","jetpack_shortlink":"https:\/\/wp.me\/p6RhLt-bk8","jetpack_sharing_enabled":true,"_links":{"self":[{"href":"https:\/\/eldiariodesanpedro.com.ar\/sitio\/wp-json\/wp\/v2\/posts\/43532","targetHints":{"allow":["GET"]}}],"collection":[{"href":"https:\/\/eldiariodesanpedro.com.ar\/sitio\/wp-json\/wp\/v2\/posts"}],"about":[{"href":"https:\/\/eldiariodesanpedro.com.ar\/sitio\/wp-json\/wp\/v2\/types\/post"}],"author":[{"embeddable":true,"href":"https:\/\/eldiariodesanpedro.com.ar\/sitio\/wp-json\/wp\/v2\/users\/4"}],"replies":[{"embeddable":true,"href":"https:\/\/eldiariodesanpedro.com.ar\/sitio\/wp-json\/wp\/v2\/comments?post=43532"}],"version-history":[{"count":1,"href":"https:\/\/eldiariodesanpedro.com.ar\/sitio\/wp-json\/wp\/v2\/posts\/43532\/revisions"}],"predecessor-version":[{"id":43533,"href":"https:\/\/eldiariodesanpedro.com.ar\/sitio\/wp-json\/wp\/v2\/posts\/43532\/revisions\/43533"}],"wp:featuredmedia":[{"embeddable":true,"href":"https:\/\/eldiariodesanpedro.com.ar\/sitio\/wp-json\/wp\/v2\/media\/37278"}],"wp:attachment":[{"href":"https:\/\/eldiariodesanpedro.com.ar\/sitio\/wp-json\/wp\/v2\/media?parent=43532"}],"wp:term":[{"taxonomy":"category","embeddable":true,"href":"https:\/\/eldiariodesanpedro.com.ar\/sitio\/wp-json\/wp\/v2\/categories?post=43532"},{"taxonomy":"post_tag","embeddable":true,"href":"https:\/\/eldiariodesanpedro.com.ar\/sitio\/wp-json\/wp\/v2\/tags?post=43532"}],"curies":[{"name":"wp","href":"https:\/\/api.w.org\/{rel}","templated":true}]}}