{"id":43530,"date":"2018-11-14T11:01:51","date_gmt":"2018-11-14T14:01:51","guid":{"rendered":"https:\/\/eldiariodesanpedro.com.ar\/sitio\/?p=43530"},"modified":"2018-11-14T11:01:51","modified_gmt":"2018-11-14T14:01:51","slug":"robaron-una-motocicleta-110-cc-2","status":"publish","type":"post","link":"https:\/\/eldiariodesanpedro.com.ar\/sitio\/robaron-una-motocicleta-110-cc-2\/","title":{"rendered":"Robaron una motocicleta 110 cc"},"content":{"rendered":"<p><!-- VideographyWP Plugin Message: Automatic video embedding prevented by plugin options. --><br \/>\nA primera horas de esta ma\u00f1ana, un ciudadano de 55 a\u00f1os de edad, denunci\u00f3 en la Dependencia Local el robo de su motocicleta.<\/p>\n<p>El ciudadano es propietario de una vivienda ubicada en Benefactoras Sampedrinas al 1700, mientras dormitaba, delincuentes ignorados ingresaron a la misma, donde entre otros elementos de valor que sustrajeron, tambi\u00e9n se llevaron su motocicleta Gilera 110 cc.<\/p>\n<p>Investiga el hecho la Fiscal\u00eda de turno.<\/p>\n","protected":false},"excerpt":{"rendered":"<p>A primera horas de esta ma\u00f1ana, un ciudadano de 55 a\u00f1os de edad, denunci\u00f3 en la Dependencia Local el robo de su motocicleta. El ciudadano es propietario de una vivienda ubicada en Benefactoras Sampedrinas al 1700, mientras dormitaba, delincuentes ignorados ingresaron a la misma, donde entre otros elementos de valor que sustrajeron, tambi\u00e9n se llevaron [&hellip;]<\/p>\n","protected":false},"author":4,"featured_media":13372,"comment_status":"open","ping_status":"closed","sticky":false,"template":"","format":"standard","meta":{"om_disable_all_campaigns":false,"_jetpack_memberships_contains_paid_content":false,"footnotes":""},"categories":[2,103],"tags":[],"class_list":["post-43530","post","type-post","status-publish","format-standard","has-post-thumbnail","hentry","category-locales","category-policiales-locales"],"aioseo_notices":[],"gutentor_comment":0,"jetpack_featured_media_url":"https:\/\/eldiariodesanpedro.com.ar\/sitio\/wp-content\/uploads\/2017\/01\/Patrulla-4-e1485286120389.jpg","jetpack_shortlink":"https:\/\/wp.me\/p6RhLt-bk6","jetpack_sharing_enabled":true,"_links":{"self":[{"href":"https:\/\/eldiariodesanpedro.com.ar\/sitio\/wp-json\/wp\/v2\/posts\/43530","targetHints":{"allow":["GET"]}}],"collection":[{"href":"https:\/\/eldiariodesanpedro.com.ar\/sitio\/wp-json\/wp\/v2\/posts"}],"about":[{"href":"https:\/\/eldiariodesanpedro.com.ar\/sitio\/wp-json\/wp\/v2\/types\/post"}],"author":[{"embeddable":true,"href":"https:\/\/eldiariodesanpedro.com.ar\/sitio\/wp-json\/wp\/v2\/users\/4"}],"replies":[{"embeddable":true,"href":"https:\/\/eldiariodesanpedro.com.ar\/sitio\/wp-json\/wp\/v2\/comments?post=43530"}],"version-history":[{"count":1,"href":"https:\/\/eldiariodesanpedro.com.ar\/sitio\/wp-json\/wp\/v2\/posts\/43530\/revisions"}],"predecessor-version":[{"id":43531,"href":"https:\/\/eldiariodesanpedro.com.ar\/sitio\/wp-json\/wp\/v2\/posts\/43530\/revisions\/43531"}],"wp:featuredmedia":[{"embeddable":true,"href":"https:\/\/eldiariodesanpedro.com.ar\/sitio\/wp-json\/wp\/v2\/media\/13372"}],"wp:attachment":[{"href":"https:\/\/eldiariodesanpedro.com.ar\/sitio\/wp-json\/wp\/v2\/media?parent=43530"}],"wp:term":[{"taxonomy":"category","embeddable":true,"href":"https:\/\/eldiariodesanpedro.com.ar\/sitio\/wp-json\/wp\/v2\/categories?post=43530"},{"taxonomy":"post_tag","embeddable":true,"href":"https:\/\/eldiariodesanpedro.com.ar\/sitio\/wp-json\/wp\/v2\/tags?post=43530"}],"curies":[{"name":"wp","href":"https:\/\/api.w.org\/{rel}","templated":true}]}}