{"id":43494,"date":"2018-11-13T20:45:16","date_gmt":"2018-11-13T23:45:16","guid":{"rendered":"https:\/\/eldiariodesanpedro.com.ar\/sitio\/?p=43494"},"modified":"2018-11-13T20:45:16","modified_gmt":"2018-11-13T23:45:16","slug":"san-nicolas-alberto-samid-en-el-marco-de-su-campana-para-gobernador","status":"publish","type":"post","link":"https:\/\/eldiariodesanpedro.com.ar\/sitio\/san-nicolas-alberto-samid-en-el-marco-de-su-campana-para-gobernador\/","title":{"rendered":"SAN NICOL\u00c1S: Alberto Samid en el marco de su campa\u00f1a para Gobernador"},"content":{"rendered":"<p><!-- VideographyWP Plugin Message: Automatic video embedding prevented by plugin options. --><br \/>\nEn el marco de su campa\u00f1a como candidato a gobernador de la provincia de Buenos Aires, el empresario frigor\u00edfico, Alberto Samid, arrib\u00f3 al distrito que conduce Manuel Passaglia, para participar de aquello que se denomin\u00f3 \u201cEncuentro con la militancia-Hay 2019\u201d.<br \/>\nLa actividad, organizada y promocionada por la agrupaci\u00f3n Compromiso Nicole\u00f1o, que es parte integrante de Unidad Ciudadana en San Nicol\u00e1s, se desarroll\u00f3 en el Centro de Jubilados y Pensionados Metal\u00fargicos. Alrededor de las 19 horas, el ex vicepresidente del Mercado Central, ingres\u00f3 acompa\u00f1ado por un c\u00famulo de personas que, mientras \u00e9l saludaba, coreaban la marcha peronista.<\/p>\n<p>Recordemos que el \u201cRey de la carne\u201d, lanz\u00f3 su precandidatura para gobernador de la provincia de Buenos Aires de cara a las pr\u00f3ximas elecciones. El empresario, buscar\u00e1 competir en las primarias con otros candidatos del peronismo.<\/p>\n<p>Fuente: Ramallo Ciudad<\/p>\n","protected":false},"excerpt":{"rendered":"<p>En el marco de su campa\u00f1a como candidato a gobernador de la provincia de Buenos Aires, el empresario frigor\u00edfico, Alberto Samid, arrib\u00f3 al distrito que conduce Manuel Passaglia, para participar de aquello que se denomin\u00f3 \u201cEncuentro con la militancia-Hay 2019\u201d. La actividad, organizada y promocionada por la agrupaci\u00f3n Compromiso Nicole\u00f1o, que es parte integrante de [&hellip;]<\/p>\n","protected":false},"author":4,"featured_media":43495,"comment_status":"open","ping_status":"closed","sticky":false,"template":"","format":"standard","meta":{"om_disable_all_campaigns":false,"_jetpack_memberships_contains_paid_content":false,"footnotes":""},"categories":[621],"tags":[],"class_list":["post-43494","post","type-post","status-publish","format-standard","has-post-thumbnail","hentry","category-regionales"],"aioseo_notices":[],"gutentor_comment":0,"jetpack_featured_media_url":"https:\/\/eldiariodesanpedro.com.ar\/sitio\/wp-content\/uploads\/2018\/11\/PAGINA-7-1.jpeg","jetpack_shortlink":"https:\/\/wp.me\/p6RhLt-bjw","jetpack_sharing_enabled":true,"_links":{"self":[{"href":"https:\/\/eldiariodesanpedro.com.ar\/sitio\/wp-json\/wp\/v2\/posts\/43494","targetHints":{"allow":["GET"]}}],"collection":[{"href":"https:\/\/eldiariodesanpedro.com.ar\/sitio\/wp-json\/wp\/v2\/posts"}],"about":[{"href":"https:\/\/eldiariodesanpedro.com.ar\/sitio\/wp-json\/wp\/v2\/types\/post"}],"author":[{"embeddable":true,"href":"https:\/\/eldiariodesanpedro.com.ar\/sitio\/wp-json\/wp\/v2\/users\/4"}],"replies":[{"embeddable":true,"href":"https:\/\/eldiariodesanpedro.com.ar\/sitio\/wp-json\/wp\/v2\/comments?post=43494"}],"version-history":[{"count":1,"href":"https:\/\/eldiariodesanpedro.com.ar\/sitio\/wp-json\/wp\/v2\/posts\/43494\/revisions"}],"predecessor-version":[{"id":43497,"href":"https:\/\/eldiariodesanpedro.com.ar\/sitio\/wp-json\/wp\/v2\/posts\/43494\/revisions\/43497"}],"wp:featuredmedia":[{"embeddable":true,"href":"https:\/\/eldiariodesanpedro.com.ar\/sitio\/wp-json\/wp\/v2\/media\/43495"}],"wp:attachment":[{"href":"https:\/\/eldiariodesanpedro.com.ar\/sitio\/wp-json\/wp\/v2\/media?parent=43494"}],"wp:term":[{"taxonomy":"category","embeddable":true,"href":"https:\/\/eldiariodesanpedro.com.ar\/sitio\/wp-json\/wp\/v2\/categories?post=43494"},{"taxonomy":"post_tag","embeddable":true,"href":"https:\/\/eldiariodesanpedro.com.ar\/sitio\/wp-json\/wp\/v2\/tags?post=43494"}],"curies":[{"name":"wp","href":"https:\/\/api.w.org\/{rel}","templated":true}]}}