{"id":43493,"date":"2018-11-13T20:45:32","date_gmt":"2018-11-13T23:45:32","guid":{"rendered":"https:\/\/eldiariodesanpedro.com.ar\/sitio\/?p=43493"},"modified":"2018-11-13T20:45:32","modified_gmt":"2018-11-13T23:45:32","slug":"baradero-continua-la-filmacion-de-los-nueve-de-alsina","status":"publish","type":"post","link":"https:\/\/eldiariodesanpedro.com.ar\/sitio\/baradero-continua-la-filmacion-de-los-nueve-de-alsina\/","title":{"rendered":"BARADERO: Contin\u00faa la filmaci\u00f3n de \u201cLos Nueve de Alsina\u201d"},"content":{"rendered":"<p><!-- VideographyWP Plugin Message: Automatic video embedding prevented by plugin options. --><br \/>\nEl lugar elegido por la producci\u00f3n de este largometraje del cine nacional que interpretan Dar\u00edn y Brandoni entre otros, fue la Sociedad Italiana en Santa Mar\u00eda de Oro al 200.<br \/>\nCamiones, equipos y gente cambiaron la tranquilidad matutina del barrio y de la  misma Sociedad Italiana que prest\u00f3 sus instalaciones no solo para filmar sino para hacer de deposito debido a las malas condiciones clim\u00e1ticas en exteriores.<br \/>\nRicardo Dar\u00edn, su hijo, el \u2018Chino\u2019, Luis Brandoni, y Carlos Belloso, cuatro actores de primer nivel de nuestro pa\u00eds, est\u00e1n en \u00e9stos momentos en la ciudad de Baradero con la finalidad de darle comienzo al rodaje de la pel\u00edcula \u201cLos 9 de Alsina\u201d, film que se estar\u00e1 realizando en gran parte con paisajes de Baradero y sobre todo de la localidad de Alsina, lugares que los productores eligieron debido al impacto que les provoc\u00f3.<br \/>\nRecordemos adem\u00e1s, que los extras que actuar\u00e1n en la filmaci\u00f3n, fueron elegidos de un gran castigan y son todos de Baradero.<br \/>\nEn cuanto a la pel\u00edcula, es dirigida por Sebasti\u00e1n Borenztein, y los entendidos en el tema, afirman que \u201cser\u00e1 un film muy importante del cine nacional para el pr\u00f3ximo 2019\u201d.<\/p>\n<p>Fuente: Baradero Te Informa<\/p>\n","protected":false},"excerpt":{"rendered":"<p>El lugar elegido por la producci\u00f3n de este largometraje del cine nacional que interpretan Dar\u00edn y Brandoni entre otros, fue la Sociedad Italiana en Santa Mar\u00eda de Oro al 200. Camiones, equipos y gente cambiaron la tranquilidad matutina del barrio y de la misma Sociedad Italiana que prest\u00f3 sus instalaciones no solo para filmar sino [&hellip;]<\/p>\n","protected":false},"author":4,"featured_media":43496,"comment_status":"open","ping_status":"closed","sticky":false,"template":"","format":"standard","meta":{"om_disable_all_campaigns":false,"_jetpack_memberships_contains_paid_content":false,"footnotes":""},"categories":[621],"tags":[],"class_list":["post-43493","post","type-post","status-publish","format-standard","has-post-thumbnail","hentry","category-regionales"],"aioseo_notices":[],"gutentor_comment":0,"jetpack_featured_media_url":"https:\/\/eldiariodesanpedro.com.ar\/sitio\/wp-content\/uploads\/2018\/11\/filmaci\u00f3n-de-Los-Nueve-de-Alsina.jpg","jetpack_shortlink":"https:\/\/wp.me\/p6RhLt-bjv","jetpack_sharing_enabled":true,"_links":{"self":[{"href":"https:\/\/eldiariodesanpedro.com.ar\/sitio\/wp-json\/wp\/v2\/posts\/43493","targetHints":{"allow":["GET"]}}],"collection":[{"href":"https:\/\/eldiariodesanpedro.com.ar\/sitio\/wp-json\/wp\/v2\/posts"}],"about":[{"href":"https:\/\/eldiariodesanpedro.com.ar\/sitio\/wp-json\/wp\/v2\/types\/post"}],"author":[{"embeddable":true,"href":"https:\/\/eldiariodesanpedro.com.ar\/sitio\/wp-json\/wp\/v2\/users\/4"}],"replies":[{"embeddable":true,"href":"https:\/\/eldiariodesanpedro.com.ar\/sitio\/wp-json\/wp\/v2\/comments?post=43493"}],"version-history":[{"count":1,"href":"https:\/\/eldiariodesanpedro.com.ar\/sitio\/wp-json\/wp\/v2\/posts\/43493\/revisions"}],"predecessor-version":[{"id":43498,"href":"https:\/\/eldiariodesanpedro.com.ar\/sitio\/wp-json\/wp\/v2\/posts\/43493\/revisions\/43498"}],"wp:featuredmedia":[{"embeddable":true,"href":"https:\/\/eldiariodesanpedro.com.ar\/sitio\/wp-json\/wp\/v2\/media\/43496"}],"wp:attachment":[{"href":"https:\/\/eldiariodesanpedro.com.ar\/sitio\/wp-json\/wp\/v2\/media?parent=43493"}],"wp:term":[{"taxonomy":"category","embeddable":true,"href":"https:\/\/eldiariodesanpedro.com.ar\/sitio\/wp-json\/wp\/v2\/categories?post=43493"},{"taxonomy":"post_tag","embeddable":true,"href":"https:\/\/eldiariodesanpedro.com.ar\/sitio\/wp-json\/wp\/v2\/tags?post=43493"}],"curies":[{"name":"wp","href":"https:\/\/api.w.org\/{rel}","templated":true}]}}