{"id":43485,"date":"2018-11-13T20:37:04","date_gmt":"2018-11-13T23:37:04","guid":{"rendered":"https:\/\/eldiariodesanpedro.com.ar\/sitio\/?p=43485"},"modified":"2018-11-13T20:37:04","modified_gmt":"2018-11-13T23:37:04","slug":"en-vuelta-de-obligado-acto-por-el-dia-de-la-soberania-nacional","status":"publish","type":"post","link":"https:\/\/eldiariodesanpedro.com.ar\/sitio\/en-vuelta-de-obligado-acto-por-el-dia-de-la-soberania-nacional\/","title":{"rendered":"EN VUELTA DE OBLIGADO: Acto por el D\u00eda de la Soberan\u00eda Nacional"},"content":{"rendered":"<p><!-- VideographyWP Plugin Message: Automatic video embedding prevented by plugin options. --><br \/>\nEl pr\u00f3ximo 19 de noviembre se conmemorar\u00e1 el D\u00eda de la Soberan\u00eda Nacional, cuya fecha original fue el 20 de noviembre de 1845 en la conocida Batalla de Vuelta de Obligado.<br \/>\nEl acto comenzar\u00e1 a las 10 en el sitio hist\u00f3rico con la participaci\u00f3n del Intendente Municipal y su gabinete para reflexionar sobre un hecho marc\u00f3 la historia de la Independencia y Soberan\u00eda de nuestro pa\u00eds.<br \/>\nParticipar\u00e1  con un repertorio Musical el Coro Polif\u00f3nico Guillermo Farabollini a cargo de la Directora Jorgelina Almeida y se realizar\u00e1 una entrega de r\u00e9plicas de Banderas de la Confederaci\u00f3n de la Batalla de Obligado donadas por el Dr. Enrique Garc\u00eda, quien cumple funciones en la Defensor\u00eda del Pueblo de Naci\u00f3n.<\/p>\n","protected":false},"excerpt":{"rendered":"<p>El pr\u00f3ximo 19 de noviembre se conmemorar\u00e1 el D\u00eda de la Soberan\u00eda Nacional, cuya fecha original fue el 20 de noviembre de 1845 en la conocida Batalla de Vuelta de Obligado. El acto comenzar\u00e1 a las 10 en el sitio hist\u00f3rico con la participaci\u00f3n del Intendente Municipal y su gabinete para reflexionar sobre un hecho [&hellip;]<\/p>\n","protected":false},"author":4,"featured_media":1700,"comment_status":"open","ping_status":"closed","sticky":false,"template":"","format":"standard","meta":{"om_disable_all_campaigns":false,"_jetpack_memberships_contains_paid_content":false,"footnotes":""},"categories":[101,2],"tags":[],"class_list":["post-43485","post","type-post","status-publish","format-standard","has-post-thumbnail","hentry","category-interes-general-locales","category-locales"],"aioseo_notices":[],"gutentor_comment":0,"jetpack_featured_media_url":"https:\/\/eldiariodesanpedro.com.ar\/sitio\/wp-content\/uploads\/2016\/01\/Monumento_de_la_Batalla_Vuelta_de_Obligado_San_Pedro_Buenos_Aires.jpg","jetpack_shortlink":"https:\/\/wp.me\/p6RhLt-bjn","jetpack_sharing_enabled":true,"_links":{"self":[{"href":"https:\/\/eldiariodesanpedro.com.ar\/sitio\/wp-json\/wp\/v2\/posts\/43485","targetHints":{"allow":["GET"]}}],"collection":[{"href":"https:\/\/eldiariodesanpedro.com.ar\/sitio\/wp-json\/wp\/v2\/posts"}],"about":[{"href":"https:\/\/eldiariodesanpedro.com.ar\/sitio\/wp-json\/wp\/v2\/types\/post"}],"author":[{"embeddable":true,"href":"https:\/\/eldiariodesanpedro.com.ar\/sitio\/wp-json\/wp\/v2\/users\/4"}],"replies":[{"embeddable":true,"href":"https:\/\/eldiariodesanpedro.com.ar\/sitio\/wp-json\/wp\/v2\/comments?post=43485"}],"version-history":[{"count":2,"href":"https:\/\/eldiariodesanpedro.com.ar\/sitio\/wp-json\/wp\/v2\/posts\/43485\/revisions"}],"predecessor-version":[{"id":43487,"href":"https:\/\/eldiariodesanpedro.com.ar\/sitio\/wp-json\/wp\/v2\/posts\/43485\/revisions\/43487"}],"wp:featuredmedia":[{"embeddable":true,"href":"https:\/\/eldiariodesanpedro.com.ar\/sitio\/wp-json\/wp\/v2\/media\/1700"}],"wp:attachment":[{"href":"https:\/\/eldiariodesanpedro.com.ar\/sitio\/wp-json\/wp\/v2\/media?parent=43485"}],"wp:term":[{"taxonomy":"category","embeddable":true,"href":"https:\/\/eldiariodesanpedro.com.ar\/sitio\/wp-json\/wp\/v2\/categories?post=43485"},{"taxonomy":"post_tag","embeddable":true,"href":"https:\/\/eldiariodesanpedro.com.ar\/sitio\/wp-json\/wp\/v2\/tags?post=43485"}],"curies":[{"name":"wp","href":"https:\/\/api.w.org\/{rel}","templated":true}]}}