{"id":43484,"date":"2018-11-13T20:42:22","date_gmt":"2018-11-13T23:42:22","guid":{"rendered":"https:\/\/eldiariodesanpedro.com.ar\/sitio\/?p=43484"},"modified":"2018-11-13T20:42:22","modified_gmt":"2018-11-13T23:42:22","slug":"ramallo-de-venezuela-a-ramallo-en-busca-de-trabajo-y-una-vida-digna","status":"publish","type":"post","link":"https:\/\/eldiariodesanpedro.com.ar\/sitio\/ramallo-de-venezuela-a-ramallo-en-busca-de-trabajo-y-una-vida-digna\/","title":{"rendered":"RAMALLO: De Venezuela a Ramallo en busca de trabajo y una vida digna"},"content":{"rendered":"<p><!-- VideographyWP Plugin Message: Automatic video embedding prevented by plugin options. --><br \/>\nSacudidos por el r\u00e9gimen de Nicol\u00e1s Maduro. Empujados por la desesperaci\u00f3n y el hartazgo Ramallo tambi\u00e9n se transform\u00f3 en un destino para ciudadanos de Venezuela, miles de personas han migrado a diferentes lugares del mundo. Extraoficialmente se estima que cuatro familias de venezolanos ha elegido este distrito del norte de la provincia de Buenos Aires.<br \/>\nEn la Argentina rompieron un r\u00e9cord hist\u00f3rico: en cantidad de gente, la ola migratoria venezolana desplaz\u00f3 en lo que va de este a\u00f1o a los inmigrantes bolivianos o paraguayos y en los \u00faltimos tres a\u00f1os se radicaron en el pa\u00eds unos 100.000 ciudadanos.<br \/>\nDe acuerdo con las cifras de Migraciones, hasta el 30 de junio de 2018 se otorgaron 530.000 residencias a extranjeros. De todas estas, cerca de 100.000 correspondieron a los venezolanos y 25.000 fueron en el \u00faltimo semestre, con lo cual se ubican al tope del ranking de nacionalidades con m\u00e1s radicaciones.<br \/>\nEn la ma\u00f1ana de la Radio Ramallo, en el programa \u201cEstaci\u00f3n Macondo\u201d Adriana Rodr\u00edguez de Anderson, ciudadana de la rep\u00fablica de Venezuela lleg\u00f3 para contar su situaci\u00f3n.<br \/>\nAdriana es docente y lo relatara m\u00e1s adelante, tambi\u00e9n dir\u00e1 que la Argentina est\u00e1 un 95 por ciento mejor que Venezuela. Ella es educada, tiene dos hijas profesionales y una tercera que estudia en uno de los establecimientos del partido de Ramallo. Su esposo es profesor de B\u00e1squet y tienen expectativas de salir adelante en la Argentina.<br \/>\nAdriana y su familia son un eslab\u00f3n entre tantos de la crisis humanitaria que obliga a muchos ciudadanos a emigrar de sus pa\u00edses. Sucede con los hondure\u00f1os y guatemaltecos que en caravana por estos d\u00edas caminan rumbo a Estados Unidos y cruzando el oc\u00e9ano atl\u00e1ntico la situaci\u00f3n se repite en Europa con migrantes de otros pa\u00edses.<br \/>\nSon las im\u00e1genes de estos tiempos, similares a cuando los europeos buscando un mejor horizonte por estas latitudes.<br \/>\nAdriana Rodr\u00edguez de Anderson sue\u00f1a con poder tener una vida digna, trabajar de docente y que Ramallo \u2013tal vez\u2014sea definitivamente su lugar en el mundo junto al de su familia.<br \/>\n\u201cEsta dif\u00edcil la situaci\u00f3n en Venezuela. Argentina consideramos que es un pa\u00eds que abre las puertas no solamente a los venezolanos sino a todos los que llegan a este pa\u00eds\u201d comenz\u00f3 diciendo Adriana y luego remarc\u00f3 que la elecci\u00f3n pasa \u201cporque vinimos a prestar nuestro servicio, a trabajar. La Argentina es un pa\u00eds que le abre las puertas a todos aquellos que busquen un horizonte. Venimos con el objetivo de cumplir nuestros sue\u00f1os, nuestras metas\u201d.<br \/>\nAl ser consultada Adriana como hab\u00edan llegado a Ramallo indic\u00f3 \u201chemos encontrado una persona fabulosa Milos Greco que nos ofrece la oportunidad de estar en Ramallo, y de cuidar su casa y de brindarnos ese gran apoyo. Nosotros somos personas profesionales y estamos en b\u00fasqueda de trabajo\u201d.<br \/>\n\u201cTengo dos hijas mayores, una es Licenciada en Enfermer\u00eda y la otra es Ingeniera Industrial y tengo mi ni\u00f1a de trece a\u00f1os que juega al voleibol federada en Venezuela, yo soy docente, mi esposo que es profesor de B\u00e1squetbol y contamos con dos sobrinos m\u00e1s que est\u00e1n ac\u00e1\u201d describi\u00f3 Adriana a su grupo familiar.<br \/>\n\u201cEn mi caso estamos averiguando como podemos hacer para validar nuestros t\u00edtulos en la Argentina. Hoy yo estar\u00eda dispuesta a ofrecerme como refuerzo pedag\u00f3gico de sus ni\u00f1os mientras esperamos poder validar nuestros t\u00edtulos\u201d explic\u00f3.<br \/>\nSeg\u00fan un informe de la Direcci\u00f3n de Migraciones en los primeros seis meses de 2018 los venezolanos radicados en la Argentina constituyen el 25% del total de los inmigrantes. As\u00ed, en n\u00famero, relegaron al segundo y tercer puesto a paraguayos y bolivianos.<br \/>\n\u201cCreo que alguien nos va a escuchar y van a solicitar de nuestros servicios. A toda Villa Ramallo y Ramallo un gran saludo de Venezuela. Esperamos un llamado para poder trabajar\u201d concluy\u00f3. <\/p>\n<p>Fuente: La Radio Ramallo<\/p>\n","protected":false},"excerpt":{"rendered":"<p>Sacudidos por el r\u00e9gimen de Nicol\u00e1s Maduro. Empujados por la desesperaci\u00f3n y el hartazgo Ramallo tambi\u00e9n se transform\u00f3 en un destino para ciudadanos de Venezuela, miles de personas han migrado a diferentes lugares del mundo. Extraoficialmente se estima que cuatro familias de venezolanos ha elegido este distrito del norte de la provincia de Buenos Aires. [&hellip;]<\/p>\n","protected":false},"author":4,"featured_media":43490,"comment_status":"open","ping_status":"closed","sticky":false,"template":"","format":"standard","meta":{"om_disable_all_campaigns":false,"_jetpack_memberships_contains_paid_content":false,"footnotes":""},"categories":[621],"tags":[],"class_list":["post-43484","post","type-post","status-publish","format-standard","has-post-thumbnail","hentry","category-regionales"],"aioseo_notices":[],"gutentor_comment":0,"jetpack_featured_media_url":"https:\/\/eldiariodesanpedro.com.ar\/sitio\/wp-content\/uploads\/2018\/11\/PAGINA-6-4.jpg","jetpack_shortlink":"https:\/\/wp.me\/p6RhLt-bjm","jetpack_sharing_enabled":true,"_links":{"self":[{"href":"https:\/\/eldiariodesanpedro.com.ar\/sitio\/wp-json\/wp\/v2\/posts\/43484","targetHints":{"allow":["GET"]}}],"collection":[{"href":"https:\/\/eldiariodesanpedro.com.ar\/sitio\/wp-json\/wp\/v2\/posts"}],"about":[{"href":"https:\/\/eldiariodesanpedro.com.ar\/sitio\/wp-json\/wp\/v2\/types\/post"}],"author":[{"embeddable":true,"href":"https:\/\/eldiariodesanpedro.com.ar\/sitio\/wp-json\/wp\/v2\/users\/4"}],"replies":[{"embeddable":true,"href":"https:\/\/eldiariodesanpedro.com.ar\/sitio\/wp-json\/wp\/v2\/comments?post=43484"}],"version-history":[{"count":1,"href":"https:\/\/eldiariodesanpedro.com.ar\/sitio\/wp-json\/wp\/v2\/posts\/43484\/revisions"}],"predecessor-version":[{"id":43492,"href":"https:\/\/eldiariodesanpedro.com.ar\/sitio\/wp-json\/wp\/v2\/posts\/43484\/revisions\/43492"}],"wp:featuredmedia":[{"embeddable":true,"href":"https:\/\/eldiariodesanpedro.com.ar\/sitio\/wp-json\/wp\/v2\/media\/43490"}],"wp:attachment":[{"href":"https:\/\/eldiariodesanpedro.com.ar\/sitio\/wp-json\/wp\/v2\/media?parent=43484"}],"wp:term":[{"taxonomy":"category","embeddable":true,"href":"https:\/\/eldiariodesanpedro.com.ar\/sitio\/wp-json\/wp\/v2\/categories?post=43484"},{"taxonomy":"post_tag","embeddable":true,"href":"https:\/\/eldiariodesanpedro.com.ar\/sitio\/wp-json\/wp\/v2\/tags?post=43484"}],"curies":[{"name":"wp","href":"https:\/\/api.w.org\/{rel}","templated":true}]}}