{"id":43478,"date":"2018-11-13T20:33:38","date_gmt":"2018-11-13T23:33:38","guid":{"rendered":"https:\/\/eldiariodesanpedro.com.ar\/sitio\/?p=43478"},"modified":"2018-11-13T20:33:38","modified_gmt":"2018-11-13T23:33:38","slug":"informa-el-centro-de-comercio-e-industria-asignacion-no-remunerativa-especial","status":"publish","type":"post","link":"https:\/\/eldiariodesanpedro.com.ar\/sitio\/informa-el-centro-de-comercio-e-industria-asignacion-no-remunerativa-especial\/","title":{"rendered":"INFORMA EL CENTRO DE COMERCIO E INDUSTRIA: Asignaci\u00f3n no remunerativa especial"},"content":{"rendered":"<p><!-- VideographyWP Plugin Message: Automatic video embedding prevented by plugin options. --><br \/>\nLa C\u00e1mara Argentina de Comercio y Servicios (CAC) informa que el Presidente de la Naci\u00f3n, Ing. Mauricio Macri, firm\u00f3 el Decreto que establece una asignaci\u00f3n no remunerativa de $5.000 para todos los trabajadores en relaci\u00f3n de dependencia del Sector Privado, la cual ser\u00e1 otorgada por los empleadores de la siguiente manera: 50% con los salarios del mes de noviembre de 2018, pagaderos en el mes de diciembre de 2018 y el 50% restante con los salarios del mes de enero de 2019, pagaderos en el mes de febrero de 2019.<br \/>\nAdem\u00e1s, se establece hasta el 31 de marzo de 2019, un procedimiento por el cual los empleadores, antes de disponer despidos sin justa causa, deber\u00e1n comunicar la decisi\u00f3n al Ministerio de Producci\u00f3n y Trabajo con una anticipaci\u00f3n no menor a 10 d\u00edas h\u00e1biles de hacerla efectiva.<\/p>\n","protected":false},"excerpt":{"rendered":"<p>La C\u00e1mara Argentina de Comercio y Servicios (CAC) informa que el Presidente de la Naci\u00f3n, Ing. Mauricio Macri, firm\u00f3 el Decreto que establece una asignaci\u00f3n no remunerativa de $5.000 para todos los trabajadores en relaci\u00f3n de dependencia del Sector Privado, la cual ser\u00e1 otorgada por los empleadores de la siguiente manera: 50% con los salarios [&hellip;]<\/p>\n","protected":false},"author":4,"featured_media":32119,"comment_status":"open","ping_status":"closed","sticky":false,"template":"","format":"standard","meta":{"om_disable_all_campaigns":false,"_jetpack_memberships_contains_paid_content":false,"footnotes":""},"categories":[101,2],"tags":[],"class_list":["post-43478","post","type-post","status-publish","format-standard","has-post-thumbnail","hentry","category-interes-general-locales","category-locales"],"aioseo_notices":[],"gutentor_comment":0,"jetpack_featured_media_url":"https:\/\/eldiariodesanpedro.com.ar\/sitio\/wp-content\/uploads\/2018\/04\/centro-de-comercio-e-industria-san-pedro.jpg","jetpack_shortlink":"https:\/\/wp.me\/p6RhLt-bjg","jetpack_sharing_enabled":true,"_links":{"self":[{"href":"https:\/\/eldiariodesanpedro.com.ar\/sitio\/wp-json\/wp\/v2\/posts\/43478","targetHints":{"allow":["GET"]}}],"collection":[{"href":"https:\/\/eldiariodesanpedro.com.ar\/sitio\/wp-json\/wp\/v2\/posts"}],"about":[{"href":"https:\/\/eldiariodesanpedro.com.ar\/sitio\/wp-json\/wp\/v2\/types\/post"}],"author":[{"embeddable":true,"href":"https:\/\/eldiariodesanpedro.com.ar\/sitio\/wp-json\/wp\/v2\/users\/4"}],"replies":[{"embeddable":true,"href":"https:\/\/eldiariodesanpedro.com.ar\/sitio\/wp-json\/wp\/v2\/comments?post=43478"}],"version-history":[{"count":2,"href":"https:\/\/eldiariodesanpedro.com.ar\/sitio\/wp-json\/wp\/v2\/posts\/43478\/revisions"}],"predecessor-version":[{"id":43483,"href":"https:\/\/eldiariodesanpedro.com.ar\/sitio\/wp-json\/wp\/v2\/posts\/43478\/revisions\/43483"}],"wp:featuredmedia":[{"embeddable":true,"href":"https:\/\/eldiariodesanpedro.com.ar\/sitio\/wp-json\/wp\/v2\/media\/32119"}],"wp:attachment":[{"href":"https:\/\/eldiariodesanpedro.com.ar\/sitio\/wp-json\/wp\/v2\/media?parent=43478"}],"wp:term":[{"taxonomy":"category","embeddable":true,"href":"https:\/\/eldiariodesanpedro.com.ar\/sitio\/wp-json\/wp\/v2\/categories?post=43478"},{"taxonomy":"post_tag","embeddable":true,"href":"https:\/\/eldiariodesanpedro.com.ar\/sitio\/wp-json\/wp\/v2\/tags?post=43478"}],"curies":[{"name":"wp","href":"https:\/\/api.w.org\/{rel}","templated":true}]}}