{"id":43477,"date":"2018-11-13T20:33:23","date_gmt":"2018-11-13T23:33:23","guid":{"rendered":"https:\/\/eldiariodesanpedro.com.ar\/sitio\/?p=43477"},"modified":"2018-11-13T20:33:23","modified_gmt":"2018-11-13T23:33:23","slug":"la-mayoria-de-los-trabajadores-de-coplac-llegaron-a-un-acuerdo-con-la-empresa","status":"publish","type":"post","link":"https:\/\/eldiariodesanpedro.com.ar\/sitio\/la-mayoria-de-los-trabajadores-de-coplac-llegaron-a-un-acuerdo-con-la-empresa\/","title":{"rendered":"La mayor\u00eda de los trabajadores de COPLAC llegaron a un acuerdo con la empresa"},"content":{"rendered":"<p><!-- VideographyWP Plugin Message: Automatic video embedding prevented by plugin options. --><br \/>\nTras la audiencia en el Tribunal de San Nicol\u00e1s las partes llegaron a un acuerdo y los trabajadores percibir\u00e1n el 70% de indemnizaci\u00f3n.<br \/>\nEn la ma\u00f1ana del martes 42 trabajadores de la f\u00e1brica Coplac firmaron en San Nicol\u00e1s el acuerdo con la empresa para cobrar el 70% de la indemnizaci\u00f3n. En los \u00faltimos d\u00edas las partes se reunieron para tratar un posible entendimiento y finalmente fue rubricado en los Tribunales de San Nicol\u00e1s.<br \/>\nEn  total eran 47 los empleados que estaban en condiciones de acordar pero hubo dos que no estuvieron de acuerdo y otros tres que no se presentaron.<br \/>\nLa propia empresa puso un micro a disposici\u00f3n de los trabajadores para viajar y que estuvieran todos juntos a momento de firmar el acuerdo.<br \/>\n\u00abEn San Nicol\u00e1s rubricamos el acuerdo con los trabajadores\u00bb, se\u00f1al\u00f3 el Dr. Sergio Villarruel, apoderado de la empresa Coplac en el aire de FM G\u00e9nesis.<br \/>\n\u00abEstuvimos trabajando durante toda la semana con el Dr. Casini para alinearnos con los n\u00fameros y nos pusimos de acuerdo con los trabajadores\u00bb.<br \/>\n\u00abEl fin de semana hicimos todos los tr\u00e1mites que faltaban y en la ma\u00f1ana del martes viajaron a San Nicol\u00e1s todos los trabajadores para firmar el acuerdo\u00bb, expres\u00f3 el apoderado.<br \/>\n\u00abViajaron 42 operarios porque hubo dos que no estuvieron de acuerdo y no firmaron, uno de ellos es Juan Trotta el delegado gremial\u00bb.<br \/>\n\u00abCobrar\u00e1n el 70% en tres cuotas\u00bb, asegur\u00f3.<br \/>\nLa firma de los 42 acuerdos es el cierre definitivo de la planta y pone fin a dos meses y medios de lucha, luego de que la empresa resolviera cerrar sus puertas en medio de un conflicto que se hab\u00eda desatado con el gremio que defend\u00eda a los trabajadores.  <\/p>\n<p>Fuente: San Pedro Informa<\/p>\n","protected":false},"excerpt":{"rendered":"<p>Tras la audiencia en el Tribunal de San Nicol\u00e1s las partes llegaron a un acuerdo y los trabajadores percibir\u00e1n el 70% de indemnizaci\u00f3n. En la ma\u00f1ana del martes 42 trabajadores de la f\u00e1brica Coplac firmaron en San Nicol\u00e1s el acuerdo con la empresa para cobrar el 70% de la indemnizaci\u00f3n. En los \u00faltimos d\u00edas las [&hellip;]<\/p>\n","protected":false},"author":4,"featured_media":43480,"comment_status":"open","ping_status":"closed","sticky":false,"template":"","format":"standard","meta":{"om_disable_all_campaigns":false,"_jetpack_memberships_contains_paid_content":false,"footnotes":""},"categories":[50,101,2],"tags":[],"class_list":["post-43477","post","type-post","status-publish","format-standard","has-post-thumbnail","hentry","category-destacadas","category-interes-general-locales","category-locales"],"aioseo_notices":[],"gutentor_comment":0,"jetpack_featured_media_url":"https:\/\/eldiariodesanpedro.com.ar\/sitio\/wp-content\/uploads\/2018\/11\/trabajadores-de-COPLAC-llegaron-a-un-acuerdo-con-la-empresa.jpg","jetpack_shortlink":"https:\/\/wp.me\/p6RhLt-bjf","jetpack_sharing_enabled":true,"_links":{"self":[{"href":"https:\/\/eldiariodesanpedro.com.ar\/sitio\/wp-json\/wp\/v2\/posts\/43477","targetHints":{"allow":["GET"]}}],"collection":[{"href":"https:\/\/eldiariodesanpedro.com.ar\/sitio\/wp-json\/wp\/v2\/posts"}],"about":[{"href":"https:\/\/eldiariodesanpedro.com.ar\/sitio\/wp-json\/wp\/v2\/types\/post"}],"author":[{"embeddable":true,"href":"https:\/\/eldiariodesanpedro.com.ar\/sitio\/wp-json\/wp\/v2\/users\/4"}],"replies":[{"embeddable":true,"href":"https:\/\/eldiariodesanpedro.com.ar\/sitio\/wp-json\/wp\/v2\/comments?post=43477"}],"version-history":[{"count":1,"href":"https:\/\/eldiariodesanpedro.com.ar\/sitio\/wp-json\/wp\/v2\/posts\/43477\/revisions"}],"predecessor-version":[{"id":43481,"href":"https:\/\/eldiariodesanpedro.com.ar\/sitio\/wp-json\/wp\/v2\/posts\/43477\/revisions\/43481"}],"wp:featuredmedia":[{"embeddable":true,"href":"https:\/\/eldiariodesanpedro.com.ar\/sitio\/wp-json\/wp\/v2\/media\/43480"}],"wp:attachment":[{"href":"https:\/\/eldiariodesanpedro.com.ar\/sitio\/wp-json\/wp\/v2\/media?parent=43477"}],"wp:term":[{"taxonomy":"category","embeddable":true,"href":"https:\/\/eldiariodesanpedro.com.ar\/sitio\/wp-json\/wp\/v2\/categories?post=43477"},{"taxonomy":"post_tag","embeddable":true,"href":"https:\/\/eldiariodesanpedro.com.ar\/sitio\/wp-json\/wp\/v2\/tags?post=43477"}],"curies":[{"name":"wp","href":"https:\/\/api.w.org\/{rel}","templated":true}]}}