{"id":43462,"date":"2018-11-13T11:56:57","date_gmt":"2018-11-13T14:56:57","guid":{"rendered":"https:\/\/eldiariodesanpedro.com.ar\/sitio\/?p=43462"},"modified":"2018-11-13T11:56:57","modified_gmt":"2018-11-13T14:56:57","slug":"17-18-y-19-de-noviembre-festival-del-encuentro-norteno-en-el-paseo-publico","status":"publish","type":"post","link":"https:\/\/eldiariodesanpedro.com.ar\/sitio\/17-18-y-19-de-noviembre-festival-del-encuentro-norteno-en-el-paseo-publico\/","title":{"rendered":"17, 18 y 19  de Noviembre , Festival del Encuentro Norte\u00f1o en el Paseo P\u00fablico"},"content":{"rendered":"<p><!-- VideographyWP Plugin Message: Automatic video embedding prevented by plugin options. --><br \/>\nEste fin de semana se realizar\u00e1 un nuevo evento en el Paseo P\u00fablico. El Encuentro Norte\u00f1o nuevamente llega a San Pedro, un Festival con una intensa grilla de espect\u00e1culos musicales adem\u00e1s de los stand de comidas t\u00edpicas y ferias.<\/p>\n<p>El escenario tendr\u00e1 una variedad de artistas durante los tres d\u00edas preparados para este evento, donde se destacara el Dia de la Soberan\u00eda. Nos visitaran una gran cantidad de personas de todas las provincias del Norte de nuestro pa\u00eds.<\/p>\n<p>En la ma\u00f1ana de este martes, se realiz\u00f3 una conferencia de prensa a los medios locales con la participaci\u00f3n de la Directora de Cultura, Majo Mora y con el organizador de esta fiesta, Carlos C\u00e1ceres, quien brind\u00f3 detalles de la grilla:<\/p>\n<p>\u00abMas de 150 artistas de diferentes lugares del pais subiran a brindarnos su musica durante los tres dias, comenzaremos el dia sabado como todos los a\u00f1os cantando el Himno Nacional Argentino, con chicos de danzas alrededor de las 14hs\u00bb<\/p>\n<p>\u00abNecesitamos gente que venga, que participe, que cada dia disfrutemos m\u00e1s de la cultura, de nuestra cultura, el sabado a la noche los invito tambi\u00e9n en el centro de jubilados de calle Salta donde realizaremos una pe\u00f1a alternativa\u00bb culminaba la nota.<\/p>\n","protected":false},"excerpt":{"rendered":"<p>Este fin de semana se realizar\u00e1 un nuevo evento en el Paseo P\u00fablico. El Encuentro Norte\u00f1o nuevamente llega a San Pedro, un Festival con una intensa grilla de espect\u00e1culos musicales adem\u00e1s de los stand de comidas t\u00edpicas y ferias. El escenario tendr\u00e1 una variedad de artistas durante los tres d\u00edas preparados para este evento, donde [&hellip;]<\/p>\n","protected":false},"author":4,"featured_media":43466,"comment_status":"open","ping_status":"closed","sticky":false,"template":"","format":"standard","meta":{"om_disable_all_campaigns":false,"_jetpack_memberships_contains_paid_content":false,"footnotes":""},"categories":[50,101,2],"tags":[],"class_list":["post-43462","post","type-post","status-publish","format-standard","has-post-thumbnail","hentry","category-destacadas","category-interes-general-locales","category-locales"],"aioseo_notices":[],"gutentor_comment":0,"jetpack_featured_media_url":"https:\/\/eldiariodesanpedro.com.ar\/sitio\/wp-content\/uploads\/2018\/11\/WhatsApp-Image-2018-11-13-at-11.55.02.jpeg","jetpack_shortlink":"https:\/\/wp.me\/p6RhLt-bj0","jetpack_sharing_enabled":true,"_links":{"self":[{"href":"https:\/\/eldiariodesanpedro.com.ar\/sitio\/wp-json\/wp\/v2\/posts\/43462","targetHints":{"allow":["GET"]}}],"collection":[{"href":"https:\/\/eldiariodesanpedro.com.ar\/sitio\/wp-json\/wp\/v2\/posts"}],"about":[{"href":"https:\/\/eldiariodesanpedro.com.ar\/sitio\/wp-json\/wp\/v2\/types\/post"}],"author":[{"embeddable":true,"href":"https:\/\/eldiariodesanpedro.com.ar\/sitio\/wp-json\/wp\/v2\/users\/4"}],"replies":[{"embeddable":true,"href":"https:\/\/eldiariodesanpedro.com.ar\/sitio\/wp-json\/wp\/v2\/comments?post=43462"}],"version-history":[{"count":1,"href":"https:\/\/eldiariodesanpedro.com.ar\/sitio\/wp-json\/wp\/v2\/posts\/43462\/revisions"}],"predecessor-version":[{"id":43467,"href":"https:\/\/eldiariodesanpedro.com.ar\/sitio\/wp-json\/wp\/v2\/posts\/43462\/revisions\/43467"}],"wp:featuredmedia":[{"embeddable":true,"href":"https:\/\/eldiariodesanpedro.com.ar\/sitio\/wp-json\/wp\/v2\/media\/43466"}],"wp:attachment":[{"href":"https:\/\/eldiariodesanpedro.com.ar\/sitio\/wp-json\/wp\/v2\/media?parent=43462"}],"wp:term":[{"taxonomy":"category","embeddable":true,"href":"https:\/\/eldiariodesanpedro.com.ar\/sitio\/wp-json\/wp\/v2\/categories?post=43462"},{"taxonomy":"post_tag","embeddable":true,"href":"https:\/\/eldiariodesanpedro.com.ar\/sitio\/wp-json\/wp\/v2\/tags?post=43462"}],"curies":[{"name":"wp","href":"https:\/\/api.w.org\/{rel}","templated":true}]}}