{"id":43459,"date":"2018-11-13T09:06:38","date_gmt":"2018-11-13T12:06:38","guid":{"rendered":"https:\/\/eldiariodesanpedro.com.ar\/sitio\/?p=43459"},"modified":"2018-11-13T09:06:38","modified_gmt":"2018-11-13T12:06:38","slug":"arcor-tras-el-bloqueo-por-reapertura-de-paritarias-intentan-destrabar-el-conflicto","status":"publish","type":"post","link":"https:\/\/eldiariodesanpedro.com.ar\/sitio\/arcor-tras-el-bloqueo-por-reapertura-de-paritarias-intentan-destrabar-el-conflicto\/","title":{"rendered":"Arcor: Tras el bloqueo por reapertura de paritarias, intentan destrabar el conflicto"},"content":{"rendered":"<p><!-- VideographyWP Plugin Message: Automatic video embedding prevented by plugin options. --><br \/>\nEste lunes por la ma\u00f1ana, el sindicato de alimentaci\u00f3n inicio una medida de fuerza en las puertas de la planta de Arcor, como se inicio tambi\u00e9n a nivel Nacional por la Federaci\u00f3n que nuclea a trabajadores en todo el pa\u00eds. El conflicto se tratar\u00eda  por la negaci\u00f3n de los empresarios a otorgar un bono de fin de a\u00f1o de 5 mil pesos, seg\u00fan el anuncio del Gobierno.<\/p>\n<p>Plantas de Arcor, Bimbo, Pepsico, Molinos y Mondelez, entre otras empresas grandes y medianas, estaban afectadas por la medida. El STIA firm\u00f3 en junio pasado un aumento del 25,5 por ciento hasta enero. El gremio que conduce Rodolfo Daer buscaba adelantar el aumento.<\/p>\n<p>Luego de unas horas, Fabi\u00e1n Olivieri, representante de STIA, confirm\u00f3 la conciliaci\u00f3n obligatoria y la reuni\u00f3n que se concret\u00f3 a las 16hs del mismo lunes, donde se defini\u00f3 pasar a un cuarto intermedio hasta la pr\u00f3xima semana. <\/p>\n<p>La negaci\u00f3n de los empresarios fue lo que motiv\u00f3 a los trabajadores junto con el sindicato de alimentaci\u00f3n a realizar el bloqueo en el ingreso y egreso de camiones a la planta.<\/p>\n<p>Ahora queda que la c\u00e1mara empresarial, pueda definir en los pr\u00f3ximos d\u00edas c\u00f3mo implementar\u00e1n el bono de fin de a\u00f1o, mientras que los sindicatos insisten en la necesidad de otorgar un aumento salarial remunerativo, teniendo en cuenta la p\u00e9rdida de poder adquisitivo de los trabajadores.<\/p>\n<p>Por el momento, la actividad se desarrolla normalmente en la planta de Arcor y el resto de las empresas alimenticias.<\/p>\n","protected":false},"excerpt":{"rendered":"<p>Este lunes por la ma\u00f1ana, el sindicato de alimentaci\u00f3n inicio una medida de fuerza en las puertas de la planta de Arcor, como se inicio tambi\u00e9n a nivel Nacional por la Federaci\u00f3n que nuclea a trabajadores en todo el pa\u00eds. El conflicto se tratar\u00eda por la negaci\u00f3n de los empresarios a otorgar un bono de [&hellip;]<\/p>\n","protected":false},"author":4,"featured_media":43460,"comment_status":"open","ping_status":"closed","sticky":false,"template":"","format":"standard","meta":{"om_disable_all_campaigns":false,"_jetpack_memberships_contains_paid_content":false,"footnotes":""},"categories":[101,2],"tags":[],"class_list":["post-43459","post","type-post","status-publish","format-standard","has-post-thumbnail","hentry","category-interes-general-locales","category-locales"],"aioseo_notices":[],"gutentor_comment":0,"jetpack_featured_media_url":"https:\/\/eldiariodesanpedro.com.ar\/sitio\/wp-content\/uploads\/2018\/11\/arcor.jpg","jetpack_shortlink":"https:\/\/wp.me\/p6RhLt-biX","jetpack_sharing_enabled":true,"_links":{"self":[{"href":"https:\/\/eldiariodesanpedro.com.ar\/sitio\/wp-json\/wp\/v2\/posts\/43459","targetHints":{"allow":["GET"]}}],"collection":[{"href":"https:\/\/eldiariodesanpedro.com.ar\/sitio\/wp-json\/wp\/v2\/posts"}],"about":[{"href":"https:\/\/eldiariodesanpedro.com.ar\/sitio\/wp-json\/wp\/v2\/types\/post"}],"author":[{"embeddable":true,"href":"https:\/\/eldiariodesanpedro.com.ar\/sitio\/wp-json\/wp\/v2\/users\/4"}],"replies":[{"embeddable":true,"href":"https:\/\/eldiariodesanpedro.com.ar\/sitio\/wp-json\/wp\/v2\/comments?post=43459"}],"version-history":[{"count":1,"href":"https:\/\/eldiariodesanpedro.com.ar\/sitio\/wp-json\/wp\/v2\/posts\/43459\/revisions"}],"predecessor-version":[{"id":43461,"href":"https:\/\/eldiariodesanpedro.com.ar\/sitio\/wp-json\/wp\/v2\/posts\/43459\/revisions\/43461"}],"wp:featuredmedia":[{"embeddable":true,"href":"https:\/\/eldiariodesanpedro.com.ar\/sitio\/wp-json\/wp\/v2\/media\/43460"}],"wp:attachment":[{"href":"https:\/\/eldiariodesanpedro.com.ar\/sitio\/wp-json\/wp\/v2\/media?parent=43459"}],"wp:term":[{"taxonomy":"category","embeddable":true,"href":"https:\/\/eldiariodesanpedro.com.ar\/sitio\/wp-json\/wp\/v2\/categories?post=43459"},{"taxonomy":"post_tag","embeddable":true,"href":"https:\/\/eldiariodesanpedro.com.ar\/sitio\/wp-json\/wp\/v2\/tags?post=43459"}],"curies":[{"name":"wp","href":"https:\/\/api.w.org\/{rel}","templated":true}]}}