{"id":43450,"date":"2018-11-12T21:20:18","date_gmt":"2018-11-13T00:20:18","guid":{"rendered":"https:\/\/eldiariodesanpedro.com.ar\/sitio\/?p=43450"},"modified":"2026-01-24T00:09:05","modified_gmt":"2026-01-24T03:09:05","slug":"basquet-dio-inicio-el-torneo-de-primera-division-con-triunfos-de-parana-y-mitre","status":"publish","type":"post","link":"https:\/\/eldiariodesanpedro.com.ar\/sitio\/basquet-dio-inicio-el-torneo-de-primera-division-con-triunfos-de-parana-y-mitre\/","title":{"rendered":"BASQUET: Dio inicio el torneo de primera divisi\u00f3n con triunfos de Paran\u00e1 y Mitre"},"content":{"rendered":"<p><!-- VideographyWP Plugin Message: Automatic video embedding prevented by plugin options. --><br \/>\nVolvi\u00f3 el B\u00e1squet de primera a San Pedro, con una liga local denominado \u201cMiguel Antonio Domenge\u201d, en la inauguraci\u00f3n con dos partidos, Mitre y Paran\u00e1 se alzaron con la victoria. Buen marco de p\u00fablico acompa\u00f1\u00f3 la jornada en un domingo con lluvia en la ciudad.<br \/>\nMitre derrot\u00f3 a CEF de Baradero 60 a 41 y Paran\u00e1, en emotivo partido, a Pescadores 55 a 53. Sportivo \u201cA\u201d y \u201cB\u201d jugar\u00e1n en la semana en Baradero.<br \/>\nLa 1ra fecha se jugar\u00e1 el s\u00e1bado 17 en Pescadores en horarios a confirmar y el lunes 19 en Baradero la segunda fecha.<\/p>\n<p><strong>Formaciones de los equipos sampedrinos y resultados<\/strong><\/p>\n<p><em>Mitre 60-CEF Baradero 41<\/em><br \/>\nMitre: Francisco Duarte, Franco Salom\u00f3n, Nicol\u00e1s Carmelino, Tom\u00e1s Villarruel, Bernardo Trujillo, Francisco Dom\u00ednguez, Bernardo Manrezca, Sebasti\u00e1n Porta, Facundo Tiz\u00f3n, Guido Guzzo,  DT: Sebasti\u00e1n Gir\u00e1ndola.<br \/>\nParciales<br \/>\n1\u00b0: 20-7<br \/>\n2\u00b0: 10-10<br \/>\nPT: 30-17<br \/>\n3\u00b0: 15-11<br \/>\n4\u00b0: 15-13<br \/>\nFinal: 60-41<\/p>\n<p><em>Pescadores 53-Paran\u00e1 55<\/em><br \/>\nPescadores: Juan Diego Franch, Joel M\u00e1rquez, Iv\u00e1n Stringhini, Mat\u00edas Tedeschi, H\u00e9ctor G\u00f3mez, Marcos Comment, Gast\u00f3n Romagnano, Maximiliano Aldama, Facundo G\u00f3mez, Juan Francisco S\u00e1nchez Cepeda, Alejandro Sbert y Leandro Romero. DT: Guillermo Bertoni.<\/p>\n<p>Paran\u00e1: Nicol\u00e1s Obrador, Marcelo Gamarra, Nazareno Chichizola, Rodrigo Demelis, Nicol\u00e1s Chichizola, Iv\u00e1n Aldama, Mariano Actis, Nicol\u00e1s Arca, Leandro Franzoia, Agust\u00edn Solari, Ignacio Far\u00edas, Maximiliano Heras. DT: Gast\u00f3n Tr\u00edpodi.<\/p>\n<p><strong>Parciales<\/strong><br \/>\n1\u00b0: 12-15<br \/>\n2\u00b0: 10-11<br \/>\nPT: 22-26<br \/>\n3\u00b0: 13-8<br \/>\n4\u00b0: 18-21<br \/>\nFinal: 53-55   <\/p>\n<p>\u00c1rbitros: Cristian Mart\u00ednez y Silvio Ramallo.<br \/>\nGimnasio: Club Atl\u00e9tico Mitre<\/p>\n<div data-carousel-extra='{&quot;blog_id&quot;:1,&quot;permalink&quot;:&quot;https:\/\/eldiariodesanpedro.com.ar\/sitio\/basquet-dio-inicio-el-torneo-de-primera-division-con-triunfos-de-parana-y-mitre\/&quot;}' id='gallery-1' class='gallery galleryid-43450 gallery-columns-3 gallery-size-large'><figure class='gallery-item'>\n\t\t\t<div class='gallery-icon landscape'>\n\t\t\t\t<a href='https:\/\/eldiariodesanpedro.com.ar\/sitio\/basquet-dio-inicio-el-torneo-de-primera-division-con-triunfos-de-parana-y-mitre\/100_3979\/'><img decoding=\"async\" width=\"640\" height=\"480\" data-src=\"https:\/\/eldiariodesanpedro.com.ar\/sitio\/wp-content\/uploads\/2018\/11\/100_3979.jpg\" class=\"attachment-large size-large lazyload\" alt=\"El Diario de San Pedro | Noticias locales y regionales\" data-srcset=\"https:\/\/eldiariodesanpedro.com.ar\/sitio\/wp-content\/uploads\/2018\/11\/100_3979.jpg 641w, https:\/\/eldiariodesanpedro.com.ar\/sitio\/wp-content\/uploads\/2018\/11\/100_3979-300x225.jpg 300w\" data-sizes=\"(max-width: 640px) 100vw, 640px\" data-attachment-id=\"43454\" data-permalink=\"https:\/\/eldiariodesanpedro.com.ar\/sitio\/basquet-dio-inicio-el-torneo-de-primera-division-con-triunfos-de-parana-y-mitre\/100_3979\/\" data-orig-file=\"https:\/\/eldiariodesanpedro.com.ar\/sitio\/wp-content\/uploads\/2018\/11\/100_3979.jpg\" data-orig-size=\"641,481\" data-comments-opened=\"1\" data-image-meta=\"{&quot;aperture&quot;:&quot;2.8&quot;,&quot;credit&quot;:&quot;Fernando Bettendorff&quot;,&quot;camera&quot;:&quot;KODAK DX7590 ZOOM DIGITAL CAMERA&quot;,&quot;caption&quot;:&quot;&quot;,&quot;created_timestamp&quot;:&quot;1542050285&quot;,&quot;copyright&quot;:&quot;&quot;,&quot;focal_length&quot;:&quot;6.3&quot;,&quot;iso&quot;:&quot;140&quot;,&quot;shutter_speed&quot;:&quot;0.016666666666667&quot;,&quot;title&quot;:&quot;&quot;,&quot;orientation&quot;:&quot;1&quot;}\" data-image-title=\"100_3979\" data-image-description=\"\" data-image-caption=\"\" data-large-file=\"https:\/\/eldiariodesanpedro.com.ar\/sitio\/wp-content\/uploads\/2018\/11\/100_3979.jpg\" src=\"data:image\/svg+xml;base64,PHN2ZyB3aWR0aD0iMSIgaGVpZ2h0PSIxIiB4bWxucz0iaHR0cDovL3d3dy53My5vcmcvMjAwMC9zdmciPjwvc3ZnPg==\" style=\"--smush-placeholder-width: 640px; --smush-placeholder-aspect-ratio: 640\/480;\" \/><\/a>\n\t\t\t<\/div><\/figure><figure class='gallery-item'>\n\t\t\t<div class='gallery-icon landscape'>\n\t\t\t\t<a href='https:\/\/eldiariodesanpedro.com.ar\/sitio\/basquet-dio-inicio-el-torneo-de-primera-division-con-triunfos-de-parana-y-mitre\/100_3983\/'><img decoding=\"async\" width=\"640\" height=\"480\" data-src=\"https:\/\/eldiariodesanpedro.com.ar\/sitio\/wp-content\/uploads\/2018\/11\/100_3983.jpg\" class=\"attachment-large size-large lazyload\" alt=\"El Diario de San Pedro | Noticias locales y regionales\" data-srcset=\"https:\/\/eldiariodesanpedro.com.ar\/sitio\/wp-content\/uploads\/2018\/11\/100_3983.jpg 641w, https:\/\/eldiariodesanpedro.com.ar\/sitio\/wp-content\/uploads\/2018\/11\/100_3983-300x225.jpg 300w\" data-sizes=\"(max-width: 640px) 100vw, 640px\" data-attachment-id=\"43452\" data-permalink=\"https:\/\/eldiariodesanpedro.com.ar\/sitio\/basquet-dio-inicio-el-torneo-de-primera-division-con-triunfos-de-parana-y-mitre\/100_3983\/\" data-orig-file=\"https:\/\/eldiariodesanpedro.com.ar\/sitio\/wp-content\/uploads\/2018\/11\/100_3983.jpg\" data-orig-size=\"641,481\" data-comments-opened=\"1\" data-image-meta=\"{&quot;aperture&quot;:&quot;2.8&quot;,&quot;credit&quot;:&quot;Fernando Bettendorff&quot;,&quot;camera&quot;:&quot;KODAK DX7590 ZOOM DIGITAL CAMERA&quot;,&quot;caption&quot;:&quot;&quot;,&quot;created_timestamp&quot;:&quot;1542050303&quot;,&quot;copyright&quot;:&quot;&quot;,&quot;focal_length&quot;:&quot;6.3&quot;,&quot;iso&quot;:&quot;140&quot;,&quot;shutter_speed&quot;:&quot;0.016666666666667&quot;,&quot;title&quot;:&quot;&quot;,&quot;orientation&quot;:&quot;1&quot;}\" data-image-title=\"100_3983\" data-image-description=\"\" data-image-caption=\"\" data-large-file=\"https:\/\/eldiariodesanpedro.com.ar\/sitio\/wp-content\/uploads\/2018\/11\/100_3983.jpg\" src=\"data:image\/svg+xml;base64,PHN2ZyB3aWR0aD0iMSIgaGVpZ2h0PSIxIiB4bWxucz0iaHR0cDovL3d3dy53My5vcmcvMjAwMC9zdmciPjwvc3ZnPg==\" style=\"--smush-placeholder-width: 640px; --smush-placeholder-aspect-ratio: 640\/480;\" \/><\/a>\n\t\t\t<\/div><\/figure><figure class='gallery-item'>\n\t\t\t<div class='gallery-icon landscape'>\n\t\t\t\t<a href='https:\/\/eldiariodesanpedro.com.ar\/sitio\/basquet-dio-inicio-el-torneo-de-primera-division-con-triunfos-de-parana-y-mitre\/100_3968\/'><img decoding=\"async\" width=\"640\" height=\"480\" data-src=\"https:\/\/eldiariodesanpedro.com.ar\/sitio\/wp-content\/uploads\/2018\/11\/100_3968.jpg\" class=\"attachment-large size-large lazyload\" alt=\"El Diario de San Pedro | Noticias locales y regionales\" data-srcset=\"https:\/\/eldiariodesanpedro.com.ar\/sitio\/wp-content\/uploads\/2018\/11\/100_3968.jpg 641w, https:\/\/eldiariodesanpedro.com.ar\/sitio\/wp-content\/uploads\/2018\/11\/100_3968-300x225.jpg 300w\" data-sizes=\"(max-width: 640px) 100vw, 640px\" data-attachment-id=\"43453\" data-permalink=\"https:\/\/eldiariodesanpedro.com.ar\/sitio\/basquet-dio-inicio-el-torneo-de-primera-division-con-triunfos-de-parana-y-mitre\/100_3968\/\" data-orig-file=\"https:\/\/eldiariodesanpedro.com.ar\/sitio\/wp-content\/uploads\/2018\/11\/100_3968.jpg\" data-orig-size=\"641,481\" data-comments-opened=\"1\" data-image-meta=\"{&quot;aperture&quot;:&quot;2.8&quot;,&quot;credit&quot;:&quot;Fernando Bettendorff&quot;,&quot;camera&quot;:&quot;KODAK DX7590 ZOOM DIGITAL CAMERA&quot;,&quot;caption&quot;:&quot;&quot;,&quot;created_timestamp&quot;:&quot;1542050267&quot;,&quot;copyright&quot;:&quot;&quot;,&quot;focal_length&quot;:&quot;6.3&quot;,&quot;iso&quot;:&quot;140&quot;,&quot;shutter_speed&quot;:&quot;0.016666666666667&quot;,&quot;title&quot;:&quot;&quot;,&quot;orientation&quot;:&quot;1&quot;}\" data-image-title=\"100_3968\" data-image-description=\"\" data-image-caption=\"\" data-large-file=\"https:\/\/eldiariodesanpedro.com.ar\/sitio\/wp-content\/uploads\/2018\/11\/100_3968.jpg\" src=\"data:image\/svg+xml;base64,PHN2ZyB3aWR0aD0iMSIgaGVpZ2h0PSIxIiB4bWxucz0iaHR0cDovL3d3dy53My5vcmcvMjAwMC9zdmciPjwvc3ZnPg==\" style=\"--smush-placeholder-width: 640px; --smush-placeholder-aspect-ratio: 640\/480;\" \/><\/a>\n\t\t\t<\/div><\/figure>\n\t\t<\/div>\n\n","protected":false},"excerpt":{"rendered":"<p>Volvi\u00f3 el B\u00e1squet de primera a San Pedro, con una liga local denominado \u201cMiguel Antonio Domenge\u201d, en la inauguraci\u00f3n con dos partidos, Mitre y Paran\u00e1 se alzaron con la victoria. Buen marco de p\u00fablico acompa\u00f1\u00f3 la jornada en un domingo con lluvia en la ciudad. Mitre derrot\u00f3 a CEF de Baradero 60 a 41 y [&hellip;]<\/p>\n","protected":false},"author":4,"featured_media":43452,"comment_status":"open","ping_status":"closed","sticky":false,"template":"","format":"standard","meta":{"om_disable_all_campaigns":false,"_jetpack_memberships_contains_paid_content":false,"footnotes":""},"categories":[5],"tags":[],"class_list":["post-43450","post","type-post","status-publish","format-standard","has-post-thumbnail","hentry","category-deportes"],"aioseo_notices":[],"gutentor_comment":0,"jetpack_featured_media_url":"https:\/\/eldiariodesanpedro.com.ar\/sitio\/wp-content\/uploads\/2018\/11\/100_3983.jpg","jetpack_shortlink":"https:\/\/wp.me\/p6RhLt-biO","jetpack_sharing_enabled":true,"_links":{"self":[{"href":"https:\/\/eldiariodesanpedro.com.ar\/sitio\/wp-json\/wp\/v2\/posts\/43450","targetHints":{"allow":["GET"]}}],"collection":[{"href":"https:\/\/eldiariodesanpedro.com.ar\/sitio\/wp-json\/wp\/v2\/posts"}],"about":[{"href":"https:\/\/eldiariodesanpedro.com.ar\/sitio\/wp-json\/wp\/v2\/types\/post"}],"author":[{"embeddable":true,"href":"https:\/\/eldiariodesanpedro.com.ar\/sitio\/wp-json\/wp\/v2\/users\/4"}],"replies":[{"embeddable":true,"href":"https:\/\/eldiariodesanpedro.com.ar\/sitio\/wp-json\/wp\/v2\/comments?post=43450"}],"version-history":[{"count":1,"href":"https:\/\/eldiariodesanpedro.com.ar\/sitio\/wp-json\/wp\/v2\/posts\/43450\/revisions"}],"predecessor-version":[{"id":43457,"href":"https:\/\/eldiariodesanpedro.com.ar\/sitio\/wp-json\/wp\/v2\/posts\/43450\/revisions\/43457"}],"wp:featuredmedia":[{"embeddable":true,"href":"https:\/\/eldiariodesanpedro.com.ar\/sitio\/wp-json\/wp\/v2\/media\/43452"}],"wp:attachment":[{"href":"https:\/\/eldiariodesanpedro.com.ar\/sitio\/wp-json\/wp\/v2\/media?parent=43450"}],"wp:term":[{"taxonomy":"category","embeddable":true,"href":"https:\/\/eldiariodesanpedro.com.ar\/sitio\/wp-json\/wp\/v2\/categories?post=43450"},{"taxonomy":"post_tag","embeddable":true,"href":"https:\/\/eldiariodesanpedro.com.ar\/sitio\/wp-json\/wp\/v2\/tags?post=43450"}],"curies":[{"name":"wp","href":"https:\/\/api.w.org\/{rel}","templated":true}]}}