{"id":43449,"date":"2018-11-12T21:19:58","date_gmt":"2018-11-13T00:19:58","guid":{"rendered":"https:\/\/eldiariodesanpedro.com.ar\/sitio\/?p=43449"},"modified":"2026-01-24T00:09:05","modified_gmt":"2026-01-24T03:09:05","slug":"patin-artistico-varios-campeones-logro-el-equipo-del-club-pescadores-en-caba","status":"publish","type":"post","link":"https:\/\/eldiariodesanpedro.com.ar\/sitio\/patin-artistico-varios-campeones-logro-el-equipo-del-club-pescadores-en-caba\/","title":{"rendered":"PAT\u00cdN ART\u00cdSTICO: Varios campeones logr\u00f3 el equipo del club Pescadores en CABA"},"content":{"rendered":"<p><!-- VideographyWP Plugin Message: Automatic video embedding prevented by plugin options. --><br \/>\nEl s\u00e1bado en Pilar, los patinadores del Club Pescadores participaron de la \u00faltima fecha del torneo anual de CABA (Clubes Asociados de Buenos Aires) siendo excelentes los resultados que a continuaci\u00f3n brindamos:<\/p>\n<p>Abril Medina Casco 15 a\u00f1os, 2B, 1er puesto<br \/>\nQuimey Leiva juvenil, 3B, 1er puesto<br \/>\nEmilio Mohlinger, escuela  formativa, 1er puesto<br \/>\nMiguel Marsico, 6 a\u00f1os escuela formativa, 1er puesto<br \/>\nMartina Marsico, 6 a\u00f1os escuela formativa 1er puesto<br \/>\nMarianela Moyano, 5ta C, 1er puesto<br \/>\nM\u00eda Vlaeminck, escuela formativa, 1er puesto<br \/>\nM\u00eda Pereyra, 3C, 2do puesto<br \/>\nDelfina Muratone, 13 a\u00f1os 4ta C, 4to puesto<br \/>\nMalena Vlaeminck, 4to puesto<br \/>\nSelva Maidana, adultos, 1er puesto<\/p>\n<p><em>En parejas:<\/em><br \/>\nMarsico\/Marsico, 1er puesto<br \/>\nMohlinger\/Pereyra, 1er puesto<\/p>\n<p><em>Tambi\u00e9n se entregaron los premios anuales y los puestos fueron los siguientes:<\/em><\/p>\n<p>M\u00eda Pereyra, campeona anual<br \/>\nEmilio Mohlinger, campe\u00f3n anual<br \/>\nMiguel Marsico, campe\u00f3n anual<br \/>\nPareja Mohlinger\/Pereyra, campeones anuales<br \/>\nPareja Marsico\/Marsico, campeones anuales<br \/>\nAbril Medina Casco, campeona anual<br \/>\nMartina Marsico, sub-campeona anual<br \/>\nMarianela Moyano, sub-campeona anual<br \/>\nM\u00eda Vlaeminck, sub-campeona anual<br \/>\nMalena Vlaeminck, 4to puesto anual<\/p>\n","protected":false},"excerpt":{"rendered":"<p>El s\u00e1bado en Pilar, los patinadores del Club Pescadores participaron de la \u00faltima fecha del torneo anual de CABA (Clubes Asociados de Buenos Aires) siendo excelentes los resultados que a continuaci\u00f3n brindamos: Abril Medina Casco 15 a\u00f1os, 2B, 1er puesto Quimey Leiva juvenil, 3B, 1er puesto Emilio Mohlinger, escuela formativa, 1er puesto Miguel Marsico, 6 [&hellip;]<\/p>\n","protected":false},"author":4,"featured_media":43451,"comment_status":"open","ping_status":"closed","sticky":false,"template":"","format":"standard","meta":{"om_disable_all_campaigns":false,"_jetpack_memberships_contains_paid_content":false,"footnotes":""},"categories":[5],"tags":[],"class_list":["post-43449","post","type-post","status-publish","format-standard","has-post-thumbnail","hentry","category-deportes"],"aioseo_notices":[],"gutentor_comment":0,"jetpack_featured_media_url":"https:\/\/eldiariodesanpedro.com.ar\/sitio\/wp-content\/uploads\/2018\/11\/FOTO-1.jpg","jetpack_shortlink":"https:\/\/wp.me\/p6RhLt-biN","jetpack_sharing_enabled":true,"_links":{"self":[{"href":"https:\/\/eldiariodesanpedro.com.ar\/sitio\/wp-json\/wp\/v2\/posts\/43449","targetHints":{"allow":["GET"]}}],"collection":[{"href":"https:\/\/eldiariodesanpedro.com.ar\/sitio\/wp-json\/wp\/v2\/posts"}],"about":[{"href":"https:\/\/eldiariodesanpedro.com.ar\/sitio\/wp-json\/wp\/v2\/types\/post"}],"author":[{"embeddable":true,"href":"https:\/\/eldiariodesanpedro.com.ar\/sitio\/wp-json\/wp\/v2\/users\/4"}],"replies":[{"embeddable":true,"href":"https:\/\/eldiariodesanpedro.com.ar\/sitio\/wp-json\/wp\/v2\/comments?post=43449"}],"version-history":[{"count":1,"href":"https:\/\/eldiariodesanpedro.com.ar\/sitio\/wp-json\/wp\/v2\/posts\/43449\/revisions"}],"predecessor-version":[{"id":43456,"href":"https:\/\/eldiariodesanpedro.com.ar\/sitio\/wp-json\/wp\/v2\/posts\/43449\/revisions\/43456"}],"wp:featuredmedia":[{"embeddable":true,"href":"https:\/\/eldiariodesanpedro.com.ar\/sitio\/wp-json\/wp\/v2\/media\/43451"}],"wp:attachment":[{"href":"https:\/\/eldiariodesanpedro.com.ar\/sitio\/wp-json\/wp\/v2\/media?parent=43449"}],"wp:term":[{"taxonomy":"category","embeddable":true,"href":"https:\/\/eldiariodesanpedro.com.ar\/sitio\/wp-json\/wp\/v2\/categories?post=43449"},{"taxonomy":"post_tag","embeddable":true,"href":"https:\/\/eldiariodesanpedro.com.ar\/sitio\/wp-json\/wp\/v2\/tags?post=43449"}],"curies":[{"name":"wp","href":"https:\/\/api.w.org\/{rel}","templated":true}]}}