{"id":43448,"date":"2018-11-12T21:19:48","date_gmt":"2018-11-13T00:19:48","guid":{"rendered":"https:\/\/eldiariodesanpedro.com.ar\/sitio\/?p=43448"},"modified":"2026-01-24T00:09:05","modified_gmt":"2026-01-24T03:09:05","slug":"natacion-viaja-zabaleta-a-brasil","status":"publish","type":"post","link":"https:\/\/eldiariodesanpedro.com.ar\/sitio\/natacion-viaja-zabaleta-a-brasil\/","title":{"rendered":"NATACI\u00d3N: Viaja Zabaleta a Brasil"},"content":{"rendered":"<p><!-- VideographyWP Plugin Message: Automatic video embedding prevented by plugin options. --><br \/>\nSof\u00eda Zabaleta, nadadora de Pescadores, se   sumara este mi\u00e9rcoles, al Seleccionado de FANNBA que viaja a Brasil al Campeonato Paulista de verano. Se lleva a cabo entre el 15 y 18 de noviembre. Sof\u00eda participara en 100 mts espalda, 100 mts mariposa y 100 mts pecho y una posta 4 x 50 mts, junto a compa\u00f1eros del selectivo de juveniles. Tal adelantamos por este medio,  Sof\u00eda es la primera de seis nadadores en incorporarse al seleccionado. <\/p>\n<p>Campeonato Paulista Juvenil De Ver\u00e3o \u2013 2018 XX Trof\u00e9u Ronaldo De Souza Passos, para las categor\u00edas cadetes 2 (2003) y juvenil 1 (2002), que tendr\u00e1 lugar en el Itaguar\u00e1 Country Clube &#8211; pileta de 25mts &#8211; Guaratinguet\u00e1 estado de San Pablo &#8211; Brasil, del 15 a 18\/11\/2018. <\/p>\n<p><em>El equipo est\u00e1 compuesto por: <\/em><br \/>\nLancha Felipe CBSN Juvenil 1 A<br \/>\nBustos   Pedro CIJCP Juvenil 1 A<br \/>\nCasta\u00f1eda Ciro MSI Juvenil 1 A<br \/>\nBerterreigts Thiago CSF Juvenil 2 B<br \/>\nGonz\u00e1lez Choperena   Felipe CSF Juvenil 2 B<br \/>\nInfante Merlina MVL Juvenil 1 A<br \/>\nDe Faveri Brisa CSF Juvenil 1 A<br \/>\nZabaleta   Sof\u00eda CPyNSP Juvenil 1 A<br \/>\nBustos   Irina MSI Juvenil 1 A<br \/>\nPettito Guadalupe MSI Juvenil 1 A<br \/>\nVergara Maia CNZ Juvenil 1 A<br \/>\nOreskovic Victoria CBSN Juvenil 2 A<br \/>\nTracchia Sof\u00eda CSF Juvenil 2 B<br \/>\nGim\u00e9nez Macarena CAIE Juvenil 2 A<\/p>\n","protected":false},"excerpt":{"rendered":"<p>Sof\u00eda Zabaleta, nadadora de Pescadores, se sumara este mi\u00e9rcoles, al Seleccionado de FANNBA que viaja a Brasil al Campeonato Paulista de verano. Se lleva a cabo entre el 15 y 18 de noviembre. Sof\u00eda participara en 100 mts espalda, 100 mts mariposa y 100 mts pecho y una posta 4 x 50 mts, junto a [&hellip;]<\/p>\n","protected":false},"author":4,"featured_media":27877,"comment_status":"open","ping_status":"closed","sticky":false,"template":"","format":"standard","meta":{"om_disable_all_campaigns":false,"_jetpack_memberships_contains_paid_content":false,"footnotes":""},"categories":[5],"tags":[],"class_list":["post-43448","post","type-post","status-publish","format-standard","has-post-thumbnail","hentry","category-deportes"],"aioseo_notices":[],"gutentor_comment":0,"jetpack_featured_media_url":"https:\/\/eldiariodesanpedro.com.ar\/sitio\/wp-content\/uploads\/2018\/01\/natacion-Encuentro-de-verano-en-N\u00e1utico.jpg","jetpack_shortlink":"https:\/\/wp.me\/p6RhLt-biM","jetpack_sharing_enabled":true,"_links":{"self":[{"href":"https:\/\/eldiariodesanpedro.com.ar\/sitio\/wp-json\/wp\/v2\/posts\/43448","targetHints":{"allow":["GET"]}}],"collection":[{"href":"https:\/\/eldiariodesanpedro.com.ar\/sitio\/wp-json\/wp\/v2\/posts"}],"about":[{"href":"https:\/\/eldiariodesanpedro.com.ar\/sitio\/wp-json\/wp\/v2\/types\/post"}],"author":[{"embeddable":true,"href":"https:\/\/eldiariodesanpedro.com.ar\/sitio\/wp-json\/wp\/v2\/users\/4"}],"replies":[{"embeddable":true,"href":"https:\/\/eldiariodesanpedro.com.ar\/sitio\/wp-json\/wp\/v2\/comments?post=43448"}],"version-history":[{"count":1,"href":"https:\/\/eldiariodesanpedro.com.ar\/sitio\/wp-json\/wp\/v2\/posts\/43448\/revisions"}],"predecessor-version":[{"id":43455,"href":"https:\/\/eldiariodesanpedro.com.ar\/sitio\/wp-json\/wp\/v2\/posts\/43448\/revisions\/43455"}],"wp:featuredmedia":[{"embeddable":true,"href":"https:\/\/eldiariodesanpedro.com.ar\/sitio\/wp-json\/wp\/v2\/media\/27877"}],"wp:attachment":[{"href":"https:\/\/eldiariodesanpedro.com.ar\/sitio\/wp-json\/wp\/v2\/media?parent=43448"}],"wp:term":[{"taxonomy":"category","embeddable":true,"href":"https:\/\/eldiariodesanpedro.com.ar\/sitio\/wp-json\/wp\/v2\/categories?post=43448"},{"taxonomy":"post_tag","embeddable":true,"href":"https:\/\/eldiariodesanpedro.com.ar\/sitio\/wp-json\/wp\/v2\/tags?post=43448"}],"curies":[{"name":"wp","href":"https:\/\/api.w.org\/{rel}","templated":true}]}}