{"id":43443,"date":"2018-11-12T18:48:42","date_gmt":"2018-11-12T21:48:42","guid":{"rendered":"https:\/\/eldiariodesanpedro.com.ar\/sitio\/?p=43443"},"modified":"2018-11-12T18:48:42","modified_gmt":"2018-11-12T21:48:42","slug":"jornada-de-capacitacion-sobre-escrituraciones-sociales-en-san-nicolas","status":"publish","type":"post","link":"https:\/\/eldiariodesanpedro.com.ar\/sitio\/jornada-de-capacitacion-sobre-escrituraciones-sociales-en-san-nicolas\/","title":{"rendered":"Jornada de capacitaci\u00f3n sobre escrituraciones sociales en San Nicol\u00e1s"},"content":{"rendered":"<p><!-- VideographyWP Plugin Message: Automatic video embedding prevented by plugin options. --><br \/>\nEl director de la Oficina de Escrituraciones Dr. Javier Silva particip\u00f3 en representaci\u00f3n de la Municipalidad de San Pedro de una reuni\u00f3n organizada la semana pasada en San Nicol\u00e1s organizada por el Instituto de la Vivienda. La actividad enmarcada en las \u00abJornadas de Fortalecimiento del Proceso de Gesti\u00f3n Asociada\u00bb orient\u00f3 todos sus paneles y debates a mejorar el funcionamiento del Plan de Escrituraciones que se viene llevando adelante en cada municipio. <\/p>\n<p>Participaron delegaciones de San Nicol\u00e1s, Arrecifes, Baradero, Capit\u00e1n Sarmiento, Carmen de Areco, Col\u00f3n, E. de la Cruz, Pergamino; Ramallo, Rojas, Salto, S. A de Giles, S. A de Areco, y Zarate. Los concurrentes recibieron capacitaciones relacionadas con la elaboraci\u00f3n de fichas t\u00e9cnicas, planillas de censo y notificaciones entre otras.<\/p>\n","protected":false},"excerpt":{"rendered":"<p>El director de la Oficina de Escrituraciones Dr. Javier Silva particip\u00f3 en representaci\u00f3n de la Municipalidad de San Pedro de una reuni\u00f3n organizada la semana pasada en San Nicol\u00e1s organizada por el Instituto de la Vivienda. La actividad enmarcada en las \u00abJornadas de Fortalecimiento del Proceso de Gesti\u00f3n Asociada\u00bb orient\u00f3 todos sus paneles y debates [&hellip;]<\/p>\n","protected":false},"author":4,"featured_media":43444,"comment_status":"open","ping_status":"closed","sticky":false,"template":"","format":"standard","meta":{"om_disable_all_campaigns":false,"_jetpack_memberships_contains_paid_content":false,"footnotes":""},"categories":[101,2],"tags":[],"class_list":["post-43443","post","type-post","status-publish","format-standard","has-post-thumbnail","hentry","category-interes-general-locales","category-locales"],"aioseo_notices":[],"gutentor_comment":0,"jetpack_featured_media_url":"https:\/\/eldiariodesanpedro.com.ar\/sitio\/wp-content\/uploads\/2018\/11\/pastedImage-3-1.png","jetpack_shortlink":"https:\/\/wp.me\/p6RhLt-biH","jetpack_sharing_enabled":true,"_links":{"self":[{"href":"https:\/\/eldiariodesanpedro.com.ar\/sitio\/wp-json\/wp\/v2\/posts\/43443","targetHints":{"allow":["GET"]}}],"collection":[{"href":"https:\/\/eldiariodesanpedro.com.ar\/sitio\/wp-json\/wp\/v2\/posts"}],"about":[{"href":"https:\/\/eldiariodesanpedro.com.ar\/sitio\/wp-json\/wp\/v2\/types\/post"}],"author":[{"embeddable":true,"href":"https:\/\/eldiariodesanpedro.com.ar\/sitio\/wp-json\/wp\/v2\/users\/4"}],"replies":[{"embeddable":true,"href":"https:\/\/eldiariodesanpedro.com.ar\/sitio\/wp-json\/wp\/v2\/comments?post=43443"}],"version-history":[{"count":1,"href":"https:\/\/eldiariodesanpedro.com.ar\/sitio\/wp-json\/wp\/v2\/posts\/43443\/revisions"}],"predecessor-version":[{"id":43445,"href":"https:\/\/eldiariodesanpedro.com.ar\/sitio\/wp-json\/wp\/v2\/posts\/43443\/revisions\/43445"}],"wp:featuredmedia":[{"embeddable":true,"href":"https:\/\/eldiariodesanpedro.com.ar\/sitio\/wp-json\/wp\/v2\/media\/43444"}],"wp:attachment":[{"href":"https:\/\/eldiariodesanpedro.com.ar\/sitio\/wp-json\/wp\/v2\/media?parent=43443"}],"wp:term":[{"taxonomy":"category","embeddable":true,"href":"https:\/\/eldiariodesanpedro.com.ar\/sitio\/wp-json\/wp\/v2\/categories?post=43443"},{"taxonomy":"post_tag","embeddable":true,"href":"https:\/\/eldiariodesanpedro.com.ar\/sitio\/wp-json\/wp\/v2\/tags?post=43443"}],"curies":[{"name":"wp","href":"https:\/\/api.w.org\/{rel}","templated":true}]}}