{"id":43438,"date":"2018-11-12T18:42:37","date_gmt":"2018-11-12T21:42:37","guid":{"rendered":"https:\/\/eldiariodesanpedro.com.ar\/sitio\/?p=43438"},"modified":"2018-11-12T18:42:37","modified_gmt":"2018-11-12T21:42:37","slug":"se-recibio-nuevo-mobiliario-en-el-hospital-emilio-ruffa","status":"publish","type":"post","link":"https:\/\/eldiariodesanpedro.com.ar\/sitio\/se-recibio-nuevo-mobiliario-en-el-hospital-emilio-ruffa\/","title":{"rendered":"Se recibi\u00f3 nuevo mobiliario en el Hospital Emilio Ruffa"},"content":{"rendered":"<p><!-- VideographyWP Plugin Message: Automatic video embedding prevented by plugin options. --><br \/>\nEn la continuidad del funcionamiento del programa SAME Provincia que se implementa en San Pedro junto a otros distritos de la Provincia de Buenos Aires, arribaron esta ma\u00f1ana al edificio placares, escritorios, bajomesadas y otros elementos que fueron construidos en San Pedro y ser\u00e1n instalados en diferentes sectores del Hospital Emilio Ruffa.  <\/p>\n<p>El programa del SAME PROVINCIA aporta recursos econ\u00f3micos, capacitaci\u00f3n y vestimenta para optimizar la atenci\u00f3n de las emergencias sobre la base de un sistema modelo, que se inici\u00f3 hace algunos meses y que viene funcionando muy bien.<\/p>\n<p>La Municipalidad de San Pedro a trav\u00e9s de la Administraci\u00f3n del Hospital resolvi\u00f3 invertir parte de estos fondos con una inversi\u00f3n aproximada de 100 mil pesos para muebles que ser\u00e1n destinados a las zonas de la Guardia General 107, sala de reuniones de m\u00e9dicos, espacios de atenci\u00f3n y office de enfermer\u00eda y atenci\u00f3n en emergencias.<\/p>\n<p><img decoding=\"async\" data-attachment-id=\"43441\" data-permalink=\"https:\/\/eldiariodesanpedro.com.ar\/sitio\/se-recibio-nuevo-mobiliario-en-el-hospital-emilio-ruffa\/pastedimage-64\/\" data-orig-file=\"https:\/\/eldiariodesanpedro.com.ar\/sitio\/wp-content\/uploads\/2018\/11\/pastedImage-3.png\" data-orig-size=\"772,434\" data-comments-opened=\"1\" data-image-meta=\"{&quot;aperture&quot;:&quot;0&quot;,&quot;credit&quot;:&quot;&quot;,&quot;camera&quot;:&quot;&quot;,&quot;caption&quot;:&quot;&quot;,&quot;created_timestamp&quot;:&quot;0&quot;,&quot;copyright&quot;:&quot;&quot;,&quot;focal_length&quot;:&quot;0&quot;,&quot;iso&quot;:&quot;0&quot;,&quot;shutter_speed&quot;:&quot;0&quot;,&quot;title&quot;:&quot;&quot;,&quot;orientation&quot;:&quot;0&quot;}\" data-image-title=\"pastedImage\" data-image-description=\"\" data-image-caption=\"\" data-large-file=\"https:\/\/eldiariodesanpedro.com.ar\/sitio\/wp-content\/uploads\/2018\/11\/pastedImage-3.png\" data-src=\"https:\/\/eldiariodesanpedro.com.ar\/sitio\/wp-content\/uploads\/2018\/11\/pastedImage-3.png\" alt=\"\" width=\"772\" height=\"434\" class=\"alignnone size-full wp-image-43441 lazyload\" data-srcset=\"https:\/\/eldiariodesanpedro.com.ar\/sitio\/wp-content\/uploads\/2018\/11\/pastedImage-3.png 772w, https:\/\/eldiariodesanpedro.com.ar\/sitio\/wp-content\/uploads\/2018\/11\/pastedImage-3-300x169.png 300w, https:\/\/eldiariodesanpedro.com.ar\/sitio\/wp-content\/uploads\/2018\/11\/pastedImage-3-768x432.png 768w\" data-sizes=\"(max-width: 772px) 100vw, 772px\" src=\"data:image\/svg+xml;base64,PHN2ZyB3aWR0aD0iMSIgaGVpZ2h0PSIxIiB4bWxucz0iaHR0cDovL3d3dy53My5vcmcvMjAwMC9zdmciPjwvc3ZnPg==\" style=\"--smush-placeholder-width: 772px; --smush-placeholder-aspect-ratio: 772\/434;\" \/><\/p>\n<p><img decoding=\"async\" data-attachment-id=\"43440\" data-permalink=\"https:\/\/eldiariodesanpedro.com.ar\/sitio\/se-recibio-nuevo-mobiliario-en-el-hospital-emilio-ruffa\/pastedimage-2-13\/\" data-orig-file=\"https:\/\/eldiariodesanpedro.com.ar\/sitio\/wp-content\/uploads\/2018\/11\/pastedImage-2-1.png\" data-orig-size=\"774,1032\" data-comments-opened=\"1\" data-image-meta=\"{&quot;aperture&quot;:&quot;0&quot;,&quot;credit&quot;:&quot;&quot;,&quot;camera&quot;:&quot;&quot;,&quot;caption&quot;:&quot;&quot;,&quot;created_timestamp&quot;:&quot;0&quot;,&quot;copyright&quot;:&quot;&quot;,&quot;focal_length&quot;:&quot;0&quot;,&quot;iso&quot;:&quot;0&quot;,&quot;shutter_speed&quot;:&quot;0&quot;,&quot;title&quot;:&quot;&quot;,&quot;orientation&quot;:&quot;0&quot;}\" data-image-title=\"pastedImage (2)\" data-image-description=\"\" data-image-caption=\"\" data-large-file=\"https:\/\/eldiariodesanpedro.com.ar\/sitio\/wp-content\/uploads\/2018\/11\/pastedImage-2-1-768x1024.png\" data-src=\"https:\/\/eldiariodesanpedro.com.ar\/sitio\/wp-content\/uploads\/2018\/11\/pastedImage-2-1-768x1024.png\" alt=\"\" width=\"660\" height=\"880\" class=\"alignnone size-large wp-image-43440 lazyload\" data-srcset=\"https:\/\/eldiariodesanpedro.com.ar\/sitio\/wp-content\/uploads\/2018\/11\/pastedImage-2-1-768x1024.png 768w, https:\/\/eldiariodesanpedro.com.ar\/sitio\/wp-content\/uploads\/2018\/11\/pastedImage-2-1-225x300.png 225w, https:\/\/eldiariodesanpedro.com.ar\/sitio\/wp-content\/uploads\/2018\/11\/pastedImage-2-1.png 774w\" data-sizes=\"(max-width: 660px) 100vw, 660px\" src=\"data:image\/svg+xml;base64,PHN2ZyB3aWR0aD0iMSIgaGVpZ2h0PSIxIiB4bWxucz0iaHR0cDovL3d3dy53My5vcmcvMjAwMC9zdmciPjwvc3ZnPg==\" style=\"--smush-placeholder-width: 660px; --smush-placeholder-aspect-ratio: 660\/880;\" \/><\/p>\n<p><img decoding=\"async\" data-attachment-id=\"43439\" data-permalink=\"https:\/\/eldiariodesanpedro.com.ar\/sitio\/se-recibio-nuevo-mobiliario-en-el-hospital-emilio-ruffa\/pastedimage-1-29\/\" data-orig-file=\"https:\/\/eldiariodesanpedro.com.ar\/sitio\/wp-content\/uploads\/2018\/11\/pastedImage-1-1.png\" data-orig-size=\"774,1032\" data-comments-opened=\"1\" data-image-meta=\"{&quot;aperture&quot;:&quot;0&quot;,&quot;credit&quot;:&quot;&quot;,&quot;camera&quot;:&quot;&quot;,&quot;caption&quot;:&quot;&quot;,&quot;created_timestamp&quot;:&quot;0&quot;,&quot;copyright&quot;:&quot;&quot;,&quot;focal_length&quot;:&quot;0&quot;,&quot;iso&quot;:&quot;0&quot;,&quot;shutter_speed&quot;:&quot;0&quot;,&quot;title&quot;:&quot;&quot;,&quot;orientation&quot;:&quot;0&quot;}\" data-image-title=\"pastedImage (1)\" data-image-description=\"\" data-image-caption=\"\" data-large-file=\"https:\/\/eldiariodesanpedro.com.ar\/sitio\/wp-content\/uploads\/2018\/11\/pastedImage-1-1-768x1024.png\" data-src=\"https:\/\/eldiariodesanpedro.com.ar\/sitio\/wp-content\/uploads\/2018\/11\/pastedImage-1-1-768x1024.png\" alt=\"\" width=\"660\" height=\"880\" class=\"alignnone size-large wp-image-43439 lazyload\" data-srcset=\"https:\/\/eldiariodesanpedro.com.ar\/sitio\/wp-content\/uploads\/2018\/11\/pastedImage-1-1-768x1024.png 768w, https:\/\/eldiariodesanpedro.com.ar\/sitio\/wp-content\/uploads\/2018\/11\/pastedImage-1-1-225x300.png 225w, https:\/\/eldiariodesanpedro.com.ar\/sitio\/wp-content\/uploads\/2018\/11\/pastedImage-1-1.png 774w\" data-sizes=\"(max-width: 660px) 100vw, 660px\" src=\"data:image\/svg+xml;base64,PHN2ZyB3aWR0aD0iMSIgaGVpZ2h0PSIxIiB4bWxucz0iaHR0cDovL3d3dy53My5vcmcvMjAwMC9zdmciPjwvc3ZnPg==\" style=\"--smush-placeholder-width: 660px; --smush-placeholder-aspect-ratio: 660\/880;\" \/><\/p>\n","protected":false},"excerpt":{"rendered":"<p>En la continuidad del funcionamiento del programa SAME Provincia que se implementa en San Pedro junto a otros distritos de la Provincia de Buenos Aires, arribaron esta ma\u00f1ana al edificio placares, escritorios, bajomesadas y otros elementos que fueron construidos en San Pedro y ser\u00e1n instalados en diferentes sectores del Hospital Emilio Ruffa. El programa del [&hellip;]<\/p>\n","protected":false},"author":4,"featured_media":43441,"comment_status":"open","ping_status":"closed","sticky":false,"template":"","format":"standard","meta":{"om_disable_all_campaigns":false,"_jetpack_memberships_contains_paid_content":false,"footnotes":""},"categories":[101,2],"tags":[],"class_list":["post-43438","post","type-post","status-publish","format-standard","has-post-thumbnail","hentry","category-interes-general-locales","category-locales"],"aioseo_notices":[],"gutentor_comment":0,"jetpack_featured_media_url":"https:\/\/eldiariodesanpedro.com.ar\/sitio\/wp-content\/uploads\/2018\/11\/pastedImage-3.png","jetpack_shortlink":"https:\/\/wp.me\/p6RhLt-biC","jetpack_sharing_enabled":true,"_links":{"self":[{"href":"https:\/\/eldiariodesanpedro.com.ar\/sitio\/wp-json\/wp\/v2\/posts\/43438","targetHints":{"allow":["GET"]}}],"collection":[{"href":"https:\/\/eldiariodesanpedro.com.ar\/sitio\/wp-json\/wp\/v2\/posts"}],"about":[{"href":"https:\/\/eldiariodesanpedro.com.ar\/sitio\/wp-json\/wp\/v2\/types\/post"}],"author":[{"embeddable":true,"href":"https:\/\/eldiariodesanpedro.com.ar\/sitio\/wp-json\/wp\/v2\/users\/4"}],"replies":[{"embeddable":true,"href":"https:\/\/eldiariodesanpedro.com.ar\/sitio\/wp-json\/wp\/v2\/comments?post=43438"}],"version-history":[{"count":1,"href":"https:\/\/eldiariodesanpedro.com.ar\/sitio\/wp-json\/wp\/v2\/posts\/43438\/revisions"}],"predecessor-version":[{"id":43442,"href":"https:\/\/eldiariodesanpedro.com.ar\/sitio\/wp-json\/wp\/v2\/posts\/43438\/revisions\/43442"}],"wp:featuredmedia":[{"embeddable":true,"href":"https:\/\/eldiariodesanpedro.com.ar\/sitio\/wp-json\/wp\/v2\/media\/43441"}],"wp:attachment":[{"href":"https:\/\/eldiariodesanpedro.com.ar\/sitio\/wp-json\/wp\/v2\/media?parent=43438"}],"wp:term":[{"taxonomy":"category","embeddable":true,"href":"https:\/\/eldiariodesanpedro.com.ar\/sitio\/wp-json\/wp\/v2\/categories?post=43438"},{"taxonomy":"post_tag","embeddable":true,"href":"https:\/\/eldiariodesanpedro.com.ar\/sitio\/wp-json\/wp\/v2\/tags?post=43438"}],"curies":[{"name":"wp","href":"https:\/\/api.w.org\/{rel}","templated":true}]}}