{"id":43432,"date":"2018-11-12T18:34:13","date_gmt":"2018-11-12T21:34:13","guid":{"rendered":"https:\/\/eldiariodesanpedro.com.ar\/sitio\/?p=43432"},"modified":"2018-11-12T18:34:13","modified_gmt":"2018-11-12T21:34:13","slug":"se-realizo-una-clinica-de-manejo-seguro-de-moto","status":"publish","type":"post","link":"https:\/\/eldiariodesanpedro.com.ar\/sitio\/se-realizo-una-clinica-de-manejo-seguro-de-moto\/","title":{"rendered":"Se realiz\u00f3 una Cl\u00ednica de Manejo Seguro de Moto"},"content":{"rendered":"<p><!-- VideographyWP Plugin Message: Automatic video embedding prevented by plugin options. --><br \/>\nEste viernes 9 se realiz\u00f3 en el play\u00f3n del estacionamiento ubicado en las calles Lucio Mansilla Y 11 de Septiembre la Cl\u00ednica de Manejo Seguro de Moto, en la misma se desarrollaron temas correspondientes a postura de conducci\u00f3n, frenado de emergencia, dominio de la moto, etc. Seguidamente se llev\u00f3 todo lo aprendido a la pr\u00e1ctica hasta conseguir el dominio de las maniobras.<\/p>\n<p>Participaron una veintena de conductores entre los que se encontraba personal de Polic\u00eda Vial, Polic\u00eda Local, Prefectura y civiles pertenecientes al Moto Club San Pedro. Tambi\u00e9n se cont\u00f3 con la presencia de autoridades provinciales, municipales y la ONG Red Solidaria que asistieron en forma de oyentes.<\/p>\n<p>Al finalizar la etapa se cambi\u00f3 la locaci\u00f3n hacia la Liga Deportiva Sampedrina donde se dictaron las clases te\u00f3ricas del programa. Todas fueron dictadas por capacitadores de Formar para Educar, destac\u00e1ndose la presencia de Norberto Trapani que adem\u00e1s de ser instructor es el creador de proyecto y lleva adelante el Plan de Manejo Seguro de Moto en la ciudad de Quilmes donde funciona desde hace un tiempo. Tambi\u00e9n se cont\u00f3 con la presencia de Laura Moyano, instructora y vocera de la comunidad de motociclista del pa\u00eds.<\/p>\n<p>El objetivo alcanzado fue la formaci\u00f3n de personas que puedan llevar adelante una Escuela de Manejo Seguro de Moto con el fin de implementarse en nuestra localidad y a trav\u00e9s de la educaci\u00f3n y pr\u00e1ctica poder bajar la cantidad de siniestros viales.<\/p>\n<p>El S\u00e1bado 10 en horas de la ma\u00f1ana se reuni\u00f3 en la Liga Deportiva Sampedrina una Mesa Multisectorial Vial, la misma fue presidida por el Sr. Damian Lafalce (Consejal) y el Sr. Diego Lafalce oficio de moderador. Tambi\u00e9n se cont\u00f3 entre otros con la presencia del Sr. Eduardo Rolieri (Sec. de Seguridad); La Sra. Marcela Cu\u00f1er (Sec. de Turismo); El Prefecto Alejandro Ere\u00f1u; El Sr. Marcelo Paganucci, Consejero Escolar; los doctores Javier Sualdea y Jos\u00e9 Herbas por parte del hospital; Conjuntamente con representantes de los comercios, cultura, polic\u00eda y dem\u00e1s instituciones. Tambi\u00e9n se encontraban los Instructores venidos de la ciudad de Quilmes.<\/p>\n<p>El objetivo de la misma fue confeccionar el proyecto para la realizaci\u00f3n de un Polo Vial Regional que ser\u00eda establecido en un predio perteneciente a Vialidad en la Localidad de R\u00edo Tala.<\/p>\n<p>Para llegar al mismo se debe confeccionar un ante proyecto donde se integraran las \u00e1reas de Seguridad, Educaci\u00f3n, Turismo, Producci\u00f3n, Salud y Deporte. Una vez desarrollado y con la suma de todas las voluntades elevarlo a Naci\u00f3n para la sesi\u00f3n del terreno y la posibilidad de convertirlo en una realidad.<\/p>\n<p>Habi\u00e9ndose dado los primeros pasos de forma exitosa los pr\u00f3ximos ser\u00e1n dentro de quince d\u00edas la realizaci\u00f3n de una Cl\u00ednicas de Manejo Seguro de Motos dictada por los instructores locales y abierta a la comunidad en un lugar a confirmarse posteriormente. Tambi\u00e9n la Mesa volver\u00e1 a reunirse para avanzar hacia la pronta entrega de lo proyectado.<\/p>\n<p><img decoding=\"async\" data-attachment-id=\"43436\" data-permalink=\"https:\/\/eldiariodesanpedro.com.ar\/sitio\/se-realizo-una-clinica-de-manejo-seguro-de-moto\/dsc_0242\/\" data-orig-file=\"https:\/\/eldiariodesanpedro.com.ar\/sitio\/wp-content\/uploads\/2018\/11\/DSC_0242.jpg\" data-orig-size=\"1600,637\" data-comments-opened=\"1\" data-image-meta=\"{&quot;aperture&quot;:&quot;0&quot;,&quot;credit&quot;:&quot;&quot;,&quot;camera&quot;:&quot;&quot;,&quot;caption&quot;:&quot;&quot;,&quot;created_timestamp&quot;:&quot;0&quot;,&quot;copyright&quot;:&quot;&quot;,&quot;focal_length&quot;:&quot;0&quot;,&quot;iso&quot;:&quot;0&quot;,&quot;shutter_speed&quot;:&quot;0&quot;,&quot;title&quot;:&quot;&quot;,&quot;orientation&quot;:&quot;0&quot;}\" data-image-title=\"DSC_0242\" data-image-description=\"\" data-image-caption=\"\" data-large-file=\"https:\/\/eldiariodesanpedro.com.ar\/sitio\/wp-content\/uploads\/2018\/11\/DSC_0242-1024x408.jpg\" class=\"size-large wp-image-43436 aligncenter lazyload\" data-src=\"https:\/\/eldiariodesanpedro.com.ar\/sitio\/wp-content\/uploads\/2018\/11\/DSC_0242-1024x408.jpg\" alt=\"\" width=\"660\" height=\"263\" data-srcset=\"https:\/\/eldiariodesanpedro.com.ar\/sitio\/wp-content\/uploads\/2018\/11\/DSC_0242-1024x408.jpg 1024w, https:\/\/eldiariodesanpedro.com.ar\/sitio\/wp-content\/uploads\/2018\/11\/DSC_0242-300x119.jpg 300w, https:\/\/eldiariodesanpedro.com.ar\/sitio\/wp-content\/uploads\/2018\/11\/DSC_0242-768x306.jpg 768w, https:\/\/eldiariodesanpedro.com.ar\/sitio\/wp-content\/uploads\/2018\/11\/DSC_0242.jpg 1600w\" data-sizes=\"(max-width: 660px) 100vw, 660px\" src=\"data:image\/svg+xml;base64,PHN2ZyB3aWR0aD0iMSIgaGVpZ2h0PSIxIiB4bWxucz0iaHR0cDovL3d3dy53My5vcmcvMjAwMC9zdmciPjwvc3ZnPg==\" style=\"--smush-placeholder-width: 660px; --smush-placeholder-aspect-ratio: 660\/263;\" \/><\/p>\n<p><img decoding=\"async\" data-attachment-id=\"43434\" data-permalink=\"https:\/\/eldiariodesanpedro.com.ar\/sitio\/se-realizo-una-clinica-de-manejo-seguro-de-moto\/dsc_0189-2\/\" data-orig-file=\"https:\/\/eldiariodesanpedro.com.ar\/sitio\/wp-content\/uploads\/2018\/11\/DSC_0189.jpg\" data-orig-size=\"1063,709\" data-comments-opened=\"1\" data-image-meta=\"{&quot;aperture&quot;:&quot;0&quot;,&quot;credit&quot;:&quot;&quot;,&quot;camera&quot;:&quot;&quot;,&quot;caption&quot;:&quot;&quot;,&quot;created_timestamp&quot;:&quot;0&quot;,&quot;copyright&quot;:&quot;&quot;,&quot;focal_length&quot;:&quot;0&quot;,&quot;iso&quot;:&quot;0&quot;,&quot;shutter_speed&quot;:&quot;0&quot;,&quot;title&quot;:&quot;&quot;,&quot;orientation&quot;:&quot;0&quot;}\" data-image-title=\"DSC_0189\" data-image-description=\"\" data-image-caption=\"\" data-large-file=\"https:\/\/eldiariodesanpedro.com.ar\/sitio\/wp-content\/uploads\/2018\/11\/DSC_0189-1024x683.jpg\" class=\"size-large wp-image-43434 aligncenter lazyload\" data-src=\"https:\/\/eldiariodesanpedro.com.ar\/sitio\/wp-content\/uploads\/2018\/11\/DSC_0189-1024x683.jpg\" alt=\"\" width=\"660\" height=\"440\" data-srcset=\"https:\/\/eldiariodesanpedro.com.ar\/sitio\/wp-content\/uploads\/2018\/11\/DSC_0189-1024x683.jpg 1024w, https:\/\/eldiariodesanpedro.com.ar\/sitio\/wp-content\/uploads\/2018\/11\/DSC_0189-300x200.jpg 300w, https:\/\/eldiariodesanpedro.com.ar\/sitio\/wp-content\/uploads\/2018\/11\/DSC_0189-768x512.jpg 768w, https:\/\/eldiariodesanpedro.com.ar\/sitio\/wp-content\/uploads\/2018\/11\/DSC_0189.jpg 1063w\" data-sizes=\"(max-width: 660px) 100vw, 660px\" src=\"data:image\/svg+xml;base64,PHN2ZyB3aWR0aD0iMSIgaGVpZ2h0PSIxIiB4bWxucz0iaHR0cDovL3d3dy53My5vcmcvMjAwMC9zdmciPjwvc3ZnPg==\" style=\"--smush-placeholder-width: 660px; --smush-placeholder-aspect-ratio: 660\/440;\" \/><\/p>\n<p><img decoding=\"async\" data-attachment-id=\"43433\" data-permalink=\"https:\/\/eldiariodesanpedro.com.ar\/sitio\/se-realizo-una-clinica-de-manejo-seguro-de-moto\/dsc_0139\/\" data-orig-file=\"https:\/\/eldiariodesanpedro.com.ar\/sitio\/wp-content\/uploads\/2018\/11\/DSC_0139.jpg\" data-orig-size=\"1063,709\" data-comments-opened=\"1\" data-image-meta=\"{&quot;aperture&quot;:&quot;0&quot;,&quot;credit&quot;:&quot;&quot;,&quot;camera&quot;:&quot;&quot;,&quot;caption&quot;:&quot;&quot;,&quot;created_timestamp&quot;:&quot;0&quot;,&quot;copyright&quot;:&quot;&quot;,&quot;focal_length&quot;:&quot;0&quot;,&quot;iso&quot;:&quot;0&quot;,&quot;shutter_speed&quot;:&quot;0&quot;,&quot;title&quot;:&quot;&quot;,&quot;orientation&quot;:&quot;0&quot;}\" data-image-title=\"DSC_0139\" data-image-description=\"\" data-image-caption=\"\" data-large-file=\"https:\/\/eldiariodesanpedro.com.ar\/sitio\/wp-content\/uploads\/2018\/11\/DSC_0139-1024x683.jpg\" class=\"size-large wp-image-43433 aligncenter lazyload\" data-src=\"https:\/\/eldiariodesanpedro.com.ar\/sitio\/wp-content\/uploads\/2018\/11\/DSC_0139-1024x683.jpg\" alt=\"\" width=\"660\" height=\"440\" data-srcset=\"https:\/\/eldiariodesanpedro.com.ar\/sitio\/wp-content\/uploads\/2018\/11\/DSC_0139-1024x683.jpg 1024w, https:\/\/eldiariodesanpedro.com.ar\/sitio\/wp-content\/uploads\/2018\/11\/DSC_0139-300x200.jpg 300w, https:\/\/eldiariodesanpedro.com.ar\/sitio\/wp-content\/uploads\/2018\/11\/DSC_0139-768x512.jpg 768w, https:\/\/eldiariodesanpedro.com.ar\/sitio\/wp-content\/uploads\/2018\/11\/DSC_0139.jpg 1063w\" data-sizes=\"(max-width: 660px) 100vw, 660px\" src=\"data:image\/svg+xml;base64,PHN2ZyB3aWR0aD0iMSIgaGVpZ2h0PSIxIiB4bWxucz0iaHR0cDovL3d3dy53My5vcmcvMjAwMC9zdmciPjwvc3ZnPg==\" style=\"--smush-placeholder-width: 660px; --smush-placeholder-aspect-ratio: 660\/440;\" \/><\/p>\n","protected":false},"excerpt":{"rendered":"<p>Este viernes 9 se realiz\u00f3 en el play\u00f3n del estacionamiento ubicado en las calles Lucio Mansilla Y 11 de Septiembre la Cl\u00ednica de Manejo Seguro de Moto, en la misma se desarrollaron temas correspondientes a postura de conducci\u00f3n, frenado de emergencia, dominio de la moto, etc. Seguidamente se llev\u00f3 todo lo aprendido a la pr\u00e1ctica [&hellip;]<\/p>\n","protected":false},"author":4,"featured_media":43435,"comment_status":"open","ping_status":"closed","sticky":false,"template":"","format":"standard","meta":{"om_disable_all_campaigns":false,"_jetpack_memberships_contains_paid_content":false,"footnotes":""},"categories":[101,2],"tags":[],"class_list":["post-43432","post","type-post","status-publish","format-standard","has-post-thumbnail","hentry","category-interes-general-locales","category-locales"],"aioseo_notices":[],"gutentor_comment":0,"jetpack_featured_media_url":"https:\/\/eldiariodesanpedro.com.ar\/sitio\/wp-content\/uploads\/2018\/11\/DSC_0216.jpg","jetpack_shortlink":"https:\/\/wp.me\/p6RhLt-biw","jetpack_sharing_enabled":true,"_links":{"self":[{"href":"https:\/\/eldiariodesanpedro.com.ar\/sitio\/wp-json\/wp\/v2\/posts\/43432","targetHints":{"allow":["GET"]}}],"collection":[{"href":"https:\/\/eldiariodesanpedro.com.ar\/sitio\/wp-json\/wp\/v2\/posts"}],"about":[{"href":"https:\/\/eldiariodesanpedro.com.ar\/sitio\/wp-json\/wp\/v2\/types\/post"}],"author":[{"embeddable":true,"href":"https:\/\/eldiariodesanpedro.com.ar\/sitio\/wp-json\/wp\/v2\/users\/4"}],"replies":[{"embeddable":true,"href":"https:\/\/eldiariodesanpedro.com.ar\/sitio\/wp-json\/wp\/v2\/comments?post=43432"}],"version-history":[{"count":1,"href":"https:\/\/eldiariodesanpedro.com.ar\/sitio\/wp-json\/wp\/v2\/posts\/43432\/revisions"}],"predecessor-version":[{"id":43437,"href":"https:\/\/eldiariodesanpedro.com.ar\/sitio\/wp-json\/wp\/v2\/posts\/43432\/revisions\/43437"}],"wp:featuredmedia":[{"embeddable":true,"href":"https:\/\/eldiariodesanpedro.com.ar\/sitio\/wp-json\/wp\/v2\/media\/43435"}],"wp:attachment":[{"href":"https:\/\/eldiariodesanpedro.com.ar\/sitio\/wp-json\/wp\/v2\/media?parent=43432"}],"wp:term":[{"taxonomy":"category","embeddable":true,"href":"https:\/\/eldiariodesanpedro.com.ar\/sitio\/wp-json\/wp\/v2\/categories?post=43432"},{"taxonomy":"post_tag","embeddable":true,"href":"https:\/\/eldiariodesanpedro.com.ar\/sitio\/wp-json\/wp\/v2\/tags?post=43432"}],"curies":[{"name":"wp","href":"https:\/\/api.w.org\/{rel}","templated":true}]}}