{"id":43429,"date":"2018-11-12T18:27:50","date_gmt":"2018-11-12T21:27:50","guid":{"rendered":"https:\/\/eldiariodesanpedro.com.ar\/sitio\/?p=43429"},"modified":"2018-11-12T18:27:50","modified_gmt":"2018-11-12T21:27:50","slug":"ramallo-comenzo-el-juicio-contra-mariel-zamora-y-ramon-ovejero-por-el-asesinato-de-silvia-garcia","status":"publish","type":"post","link":"https:\/\/eldiariodesanpedro.com.ar\/sitio\/ramallo-comenzo-el-juicio-contra-mariel-zamora-y-ramon-ovejero-por-el-asesinato-de-silvia-garcia\/","title":{"rendered":"RAMALLO: Comenz\u00f3 el juicio contra Mariel Zamora y Ram\u00f3n Ovejero por el asesinato de Silvia Garcia"},"content":{"rendered":"<p><!-- VideographyWP Plugin Message: Automatic video embedding prevented by plugin options. --><br \/>\nEl matrimonio est\u00e1 imputado por el homicidio de su empleada acontecido en noviembre de 2015 en el interior de una verduler\u00eda de Villa Ramallo. Ser\u00e1 a trav\u00e9s de juicio por jurados.<\/p>\n<p>A pocos d\u00edas de cumplirse los tres a\u00f1os del brutal asesinato desde las 13 horas del lunes dio comienzo el juicio por jurados contra Mariel Zamora, de 31 a\u00f1os, y Ram\u00f3n Ovejero, de 35. El matrimonio est\u00e1 acusado de dar muerte a Silvia Zamora el 19 de noviembre de 2015 en el interior de la verduler\u00eda Mar-Yes, ubicada en la esquina de San Mart\u00edn y Sarmiento, en el centro de Villa Ramallo.<\/p>\n<p>La causa fue instruida por el Fiscal Dar\u00edo Giagnorio, quien asegur\u00f3 que es el caso m\u00e1s traum\u00e1tico que le toc\u00f3 investigar en su carrera como funcionario p\u00fablico y podr\u00eda solicitar cadena perpetua para los acusados.<\/p>\n<p>En un principio el juicio est\u00e1 anunciado para el lunes y el martes aunque por la cantidad de testigos que fueron citados podr\u00eda extenderse alg\u00fan d\u00eda m\u00e1s.<\/p>\n<p>El hecho caus\u00f3 estupor en toda la comunidad ramallense y la regi\u00f3n, y por estas horas tiene pendiente a todos ya que se trata de vecinos muy conocidos y que por cuestiones que quiz\u00e1s nunca queden en claro protagonizaron uno de los cr\u00edmenes m\u00e1s crueles que se recuerden en la regi\u00f3n.  <\/p>\n<p>Zamora, oriunda de Ramallo y abogada, estaba casada con Ovejero, quien es natural de Gdor. Castro, tienen dos hijos y desde hace un tiempo hab\u00edan abierto la verduler\u00eda en la que hab\u00edan tomado como empleada a Silvia Garc\u00eda.<\/p>\n<p>La mujer de 40 a\u00f1os, el 18 de noviembre fue a trabajar como todos los d\u00edas pero nunca m\u00e1s regres\u00f3 a su casa. Se especulaba con que haya subido a un auto que supuestamente la esperaba en el frente del comercio y se fue con rumbos desconocido pero todas las hip\u00f3tesis se fueron cayendo hasta llegar a la conclusi\u00f3n de que nunca hab\u00eda salido de la verduler\u00eda.<\/p>\n<p>Un d\u00eda despu\u00e9s y luego de que se la buscara por todas partes, donde hasta los propios acusados junto a la familia de la v\u00edctima, rastrillaron toda la zona, el cuerpo de Garc\u00eda fue encontrado en el interior de la c\u00e1mara de fr\u00edo del comercio degollada y escondida detr\u00e1s de unos cajones.<\/p>\n<p>All\u00ed mismo, Zamora y Ovejero quedaron detenidos y seriamente comprometidos como \u00fanicos responsables del homicidio.<\/p>\n<p>Se estima que la mujer fue asesinada sobre el horario de cierre del comercio, que tomada desde atr\u00e1s por quien portaba la cuchilla de la verduler\u00eda, cerca del mostrador, y que una vez muerta, desde all\u00ed, fue trasladada hasta la c\u00e1mara de fr\u00edo en donde finalmente fue encontrada. <\/p>\n<p>Fuente: San Pedro Informa<\/p>\n","protected":false},"excerpt":{"rendered":"<p>El matrimonio est\u00e1 imputado por el homicidio de su empleada acontecido en noviembre de 2015 en el interior de una verduler\u00eda de Villa Ramallo. Ser\u00e1 a trav\u00e9s de juicio por jurados. A pocos d\u00edas de cumplirse los tres a\u00f1os del brutal asesinato desde las 13 horas del lunes dio comienzo el juicio por jurados contra [&hellip;]<\/p>\n","protected":false},"author":4,"featured_media":43430,"comment_status":"open","ping_status":"closed","sticky":false,"template":"","format":"standard","meta":{"om_disable_all_campaigns":false,"_jetpack_memberships_contains_paid_content":false,"footnotes":""},"categories":[621],"tags":[],"class_list":["post-43429","post","type-post","status-publish","format-standard","has-post-thumbnail","hentry","category-regionales"],"aioseo_notices":[],"gutentor_comment":0,"jetpack_featured_media_url":"https:\/\/eldiariodesanpedro.com.ar\/sitio\/wp-content\/uploads\/2018\/11\/PAGINA-7-4.jpg","jetpack_shortlink":"https:\/\/wp.me\/p6RhLt-bit","jetpack_sharing_enabled":true,"_links":{"self":[{"href":"https:\/\/eldiariodesanpedro.com.ar\/sitio\/wp-json\/wp\/v2\/posts\/43429","targetHints":{"allow":["GET"]}}],"collection":[{"href":"https:\/\/eldiariodesanpedro.com.ar\/sitio\/wp-json\/wp\/v2\/posts"}],"about":[{"href":"https:\/\/eldiariodesanpedro.com.ar\/sitio\/wp-json\/wp\/v2\/types\/post"}],"author":[{"embeddable":true,"href":"https:\/\/eldiariodesanpedro.com.ar\/sitio\/wp-json\/wp\/v2\/users\/4"}],"replies":[{"embeddable":true,"href":"https:\/\/eldiariodesanpedro.com.ar\/sitio\/wp-json\/wp\/v2\/comments?post=43429"}],"version-history":[{"count":1,"href":"https:\/\/eldiariodesanpedro.com.ar\/sitio\/wp-json\/wp\/v2\/posts\/43429\/revisions"}],"predecessor-version":[{"id":43431,"href":"https:\/\/eldiariodesanpedro.com.ar\/sitio\/wp-json\/wp\/v2\/posts\/43429\/revisions\/43431"}],"wp:featuredmedia":[{"embeddable":true,"href":"https:\/\/eldiariodesanpedro.com.ar\/sitio\/wp-json\/wp\/v2\/media\/43430"}],"wp:attachment":[{"href":"https:\/\/eldiariodesanpedro.com.ar\/sitio\/wp-json\/wp\/v2\/media?parent=43429"}],"wp:term":[{"taxonomy":"category","embeddable":true,"href":"https:\/\/eldiariodesanpedro.com.ar\/sitio\/wp-json\/wp\/v2\/categories?post=43429"},{"taxonomy":"post_tag","embeddable":true,"href":"https:\/\/eldiariodesanpedro.com.ar\/sitio\/wp-json\/wp\/v2\/tags?post=43429"}],"curies":[{"name":"wp","href":"https:\/\/api.w.org\/{rel}","templated":true}]}}