{"id":43426,"date":"2018-11-12T18:18:55","date_gmt":"2018-11-12T21:18:55","guid":{"rendered":"https:\/\/eldiariodesanpedro.com.ar\/sitio\/?p=43426"},"modified":"2018-11-12T18:18:55","modified_gmt":"2018-11-12T21:18:55","slug":"gran-actuacion-del-equipo-sampedrino-de-ajedrez","status":"publish","type":"post","link":"https:\/\/eldiariodesanpedro.com.ar\/sitio\/gran-actuacion-del-equipo-sampedrino-de-ajedrez\/","title":{"rendered":"Gran actuaci\u00f3n del equipo sampedrino de ajedrez"},"content":{"rendered":"<p><!-- VideographyWP Plugin Message: Automatic video embedding prevented by plugin options. --><br \/>\nParticip\u00f3 en el torneo \u201cPlayas de Mar del Plata\u201d y se clasific\u00f3 entre los mejores de la competencia. Ram\u00f3n Salazar fue el mejor en individuales.<\/p>\n<p>Se disput\u00f3 en Mar del Plata la 7ma. edici\u00f3n del Torneo \u00abPlayas de Mar del Plata\u00bb, un certamen de los m\u00e1s importantes del pa\u00eds y que re\u00fane a jugadores de primer nivel.<\/p>\n<p>All\u00ed intervino un equipo sampedrino integrado por los ajedrecistas Ram\u00f3n Salazar (1er. tablero), Diego Dom\u00ednguez (2do. tablero), Hugo Sosa (3er. tablero) y Mariano Villacampa (4to. tablero).<\/p>\n<p>La actuaci\u00f3n del equipo fue sobresaliente ubic\u00e1ndose en el 4to. lugar de la clasificaci\u00f3n final. Dom\u00ednguez sum\u00f3 6 puntos en 7 rondas y ganando como mejor 2do. tablero de la competencia. En esta modalidad cada ciudad pone sus tableros de acuerdo al nivel en orden descendente. El mejor clasificado era Mar del Plata y San Pedro comparti\u00f3 el 3er. puesto con el local. Adem\u00e1s, San Pedro, fue el \u00fanico equipo que le gan\u00f3 a Ajedrez San Mart\u00edn quien luego fue el campe\u00f3n.<\/p>\n<p>En las competencias individuales, de las que tomaron parte jugadores de todo el pa\u00eds, Ram\u00f3n Salazar se ubic\u00f3 sexto con un excelente desempe\u00f1o siendo el mejor de los sampedrinos participantes. Hugo Sosa fue 13ro., Diego Dom\u00ednguez 15to., y Mariano Villacampa 16to.<\/p>\n<p>Fuente: San Pedro Informa<\/p>\n","protected":false},"excerpt":{"rendered":"<p>Particip\u00f3 en el torneo \u201cPlayas de Mar del Plata\u201d y se clasific\u00f3 entre los mejores de la competencia. Ram\u00f3n Salazar fue el mejor en individuales. Se disput\u00f3 en Mar del Plata la 7ma. edici\u00f3n del Torneo \u00abPlayas de Mar del Plata\u00bb, un certamen de los m\u00e1s importantes del pa\u00eds y que re\u00fane a jugadores de [&hellip;]<\/p>\n","protected":false},"author":4,"featured_media":43427,"comment_status":"open","ping_status":"closed","sticky":false,"template":"","format":"standard","meta":{"om_disable_all_campaigns":false,"_jetpack_memberships_contains_paid_content":false,"footnotes":""},"categories":[101,2],"tags":[],"class_list":["post-43426","post","type-post","status-publish","format-standard","has-post-thumbnail","hentry","category-interes-general-locales","category-locales"],"aioseo_notices":[],"gutentor_comment":0,"jetpack_featured_media_url":"https:\/\/eldiariodesanpedro.com.ar\/sitio\/wp-content\/uploads\/2018\/11\/000073510.jpg","jetpack_shortlink":"https:\/\/wp.me\/p6RhLt-biq","jetpack_sharing_enabled":true,"_links":{"self":[{"href":"https:\/\/eldiariodesanpedro.com.ar\/sitio\/wp-json\/wp\/v2\/posts\/43426","targetHints":{"allow":["GET"]}}],"collection":[{"href":"https:\/\/eldiariodesanpedro.com.ar\/sitio\/wp-json\/wp\/v2\/posts"}],"about":[{"href":"https:\/\/eldiariodesanpedro.com.ar\/sitio\/wp-json\/wp\/v2\/types\/post"}],"author":[{"embeddable":true,"href":"https:\/\/eldiariodesanpedro.com.ar\/sitio\/wp-json\/wp\/v2\/users\/4"}],"replies":[{"embeddable":true,"href":"https:\/\/eldiariodesanpedro.com.ar\/sitio\/wp-json\/wp\/v2\/comments?post=43426"}],"version-history":[{"count":1,"href":"https:\/\/eldiariodesanpedro.com.ar\/sitio\/wp-json\/wp\/v2\/posts\/43426\/revisions"}],"predecessor-version":[{"id":43428,"href":"https:\/\/eldiariodesanpedro.com.ar\/sitio\/wp-json\/wp\/v2\/posts\/43426\/revisions\/43428"}],"wp:featuredmedia":[{"embeddable":true,"href":"https:\/\/eldiariodesanpedro.com.ar\/sitio\/wp-json\/wp\/v2\/media\/43427"}],"wp:attachment":[{"href":"https:\/\/eldiariodesanpedro.com.ar\/sitio\/wp-json\/wp\/v2\/media?parent=43426"}],"wp:term":[{"taxonomy":"category","embeddable":true,"href":"https:\/\/eldiariodesanpedro.com.ar\/sitio\/wp-json\/wp\/v2\/categories?post=43426"},{"taxonomy":"post_tag","embeddable":true,"href":"https:\/\/eldiariodesanpedro.com.ar\/sitio\/wp-json\/wp\/v2\/tags?post=43426"}],"curies":[{"name":"wp","href":"https:\/\/api.w.org\/{rel}","templated":true}]}}