{"id":43423,"date":"2018-11-12T18:08:42","date_gmt":"2018-11-12T21:08:42","guid":{"rendered":"https:\/\/eldiariodesanpedro.com.ar\/sitio\/?p=43423"},"modified":"2018-11-12T18:08:42","modified_gmt":"2018-11-12T21:08:42","slug":"afiliados-al-seda-pidieron-la-intervencion-del-sindicato-por-irregularidades","status":"publish","type":"post","link":"https:\/\/eldiariodesanpedro.com.ar\/sitio\/afiliados-al-seda-pidieron-la-intervencion-del-sindicato-por-irregularidades\/","title":{"rendered":"Afiliados al SEDA pidieron la intervenci\u00f3n del sindicato por irregularidades"},"content":{"rendered":"<p><!-- VideographyWP Plugin Message: Automatic video embedding prevented by plugin options. --><br \/>\nAnte el llamado a elecciones por parte de la dirigencia actual los referentes de las dos listas intervinientes hicieron una presentaci\u00f3n ante el Ministerio de Trabajo. Solicitaron la nulidad absoluta de todo lo actuado.<\/p>\n<p>Las actuales autoridades del Sindicato de Embaladores, Descartadores y Alambradores de San Pedro hab\u00edan convocado a elecciones el pasado domingo pero una denuncia formal que los representantes de las dos listas participantes hicieron que las mismas finalmente no se lleven a cabo.<\/p>\n<p>La denuncia fue radicada en la sede del Ministerio de Trabajo, Empleo y Seguridad Social de la Naci\u00f3n, Delegaci\u00f3n Regional San Nicol\u00e1s, por Facundo Gorbar\u00e1n y H\u00e9ctor G\u00f3mez, afiliados al Seda y representantes de las listas 1 Verde y 2 Naranja, quienes manifiestan serias irregularidades por parte de la dirigencia cuyo responsable m\u00e1ximo es Mauricio Preiti.<\/p>\n<p>All\u00ed, los responsables de las listas, solicitan a las autoridades competentes que intervenga el sindicato, \u201cordene en forma urgente la nulidad absoluta de la convocatoria\u201d.<\/p>\n<p>\u201cQue se designe un Delegado normalizador para que en el t\u00e9rmino m\u00e1ximo de 90 d\u00edas proceda a regularizar y normalizar el funcionamiento del Seda y convoque a elecciones para ocupar y conformar los \u00f3rganos administrativos y directivos\u201d.<\/p>\n<p>En la presentaci\u00f3n aseguran que el \u00faltimo acto leg\u00edtimo se realiz\u00f3 en el a\u00f1o 2012, donde fue elegido Mauricio Preiti, cuyo mandato deber\u00eda haber concluido en el 2015 pero que \u201cen forma totalmente ileg\u00edtima contin\u00faa en el cargo citado\u201d.<\/p>\n<p>Adem\u00e1s enumeran otras irregularidades como la ausencia de asambleas, memoria y balance de los estados contables del Sindicato, y  la falta de difusi\u00f3n a la asamblea del domingo. Tambi\u00e9n denuncian que la conformaci\u00f3n de la Junta Electoral fue ileg\u00edtima y a dedo, que no fueron oficializados los padrones de afiliados ni se dio aviso a las autoridades sobre la convocatoria.<\/p>\n<p>Fuente: San Pedro Informa<\/p>\n","protected":false},"excerpt":{"rendered":"<p>Ante el llamado a elecciones por parte de la dirigencia actual los referentes de las dos listas intervinientes hicieron una presentaci\u00f3n ante el Ministerio de Trabajo. Solicitaron la nulidad absoluta de todo lo actuado. Las actuales autoridades del Sindicato de Embaladores, Descartadores y Alambradores de San Pedro hab\u00edan convocado a elecciones el pasado domingo pero [&hellip;]<\/p>\n","protected":false},"author":4,"featured_media":43424,"comment_status":"open","ping_status":"closed","sticky":false,"template":"","format":"standard","meta":{"om_disable_all_campaigns":false,"_jetpack_memberships_contains_paid_content":false,"footnotes":""},"categories":[101,2],"tags":[],"class_list":["post-43423","post","type-post","status-publish","format-standard","has-post-thumbnail","hentry","category-interes-general-locales","category-locales"],"aioseo_notices":[],"gutentor_comment":0,"jetpack_featured_media_url":"https:\/\/eldiariodesanpedro.com.ar\/sitio\/wp-content\/uploads\/2018\/11\/000073518.jpg","jetpack_shortlink":"https:\/\/wp.me\/p6RhLt-bin","jetpack_sharing_enabled":true,"_links":{"self":[{"href":"https:\/\/eldiariodesanpedro.com.ar\/sitio\/wp-json\/wp\/v2\/posts\/43423","targetHints":{"allow":["GET"]}}],"collection":[{"href":"https:\/\/eldiariodesanpedro.com.ar\/sitio\/wp-json\/wp\/v2\/posts"}],"about":[{"href":"https:\/\/eldiariodesanpedro.com.ar\/sitio\/wp-json\/wp\/v2\/types\/post"}],"author":[{"embeddable":true,"href":"https:\/\/eldiariodesanpedro.com.ar\/sitio\/wp-json\/wp\/v2\/users\/4"}],"replies":[{"embeddable":true,"href":"https:\/\/eldiariodesanpedro.com.ar\/sitio\/wp-json\/wp\/v2\/comments?post=43423"}],"version-history":[{"count":1,"href":"https:\/\/eldiariodesanpedro.com.ar\/sitio\/wp-json\/wp\/v2\/posts\/43423\/revisions"}],"predecessor-version":[{"id":43425,"href":"https:\/\/eldiariodesanpedro.com.ar\/sitio\/wp-json\/wp\/v2\/posts\/43423\/revisions\/43425"}],"wp:featuredmedia":[{"embeddable":true,"href":"https:\/\/eldiariodesanpedro.com.ar\/sitio\/wp-json\/wp\/v2\/media\/43424"}],"wp:attachment":[{"href":"https:\/\/eldiariodesanpedro.com.ar\/sitio\/wp-json\/wp\/v2\/media?parent=43423"}],"wp:term":[{"taxonomy":"category","embeddable":true,"href":"https:\/\/eldiariodesanpedro.com.ar\/sitio\/wp-json\/wp\/v2\/categories?post=43423"},{"taxonomy":"post_tag","embeddable":true,"href":"https:\/\/eldiariodesanpedro.com.ar\/sitio\/wp-json\/wp\/v2\/tags?post=43423"}],"curies":[{"name":"wp","href":"https:\/\/api.w.org\/{rel}","templated":true}]}}