{"id":43413,"date":"2018-11-12T14:28:59","date_gmt":"2018-11-12T17:28:59","guid":{"rendered":"https:\/\/eldiariodesanpedro.com.ar\/sitio\/?p=43413"},"modified":"2018-11-12T19:20:06","modified_gmt":"2018-11-12T22:20:06","slug":"motochorros-asaltaron-a-un-joven","status":"publish","type":"post","link":"https:\/\/eldiariodesanpedro.com.ar\/sitio\/motochorros-asaltaron-a-un-joven\/","title":{"rendered":"Motochorros asaltaron a una joven"},"content":{"rendered":"<p><!-- VideographyWP Plugin Message: Automatic video embedding prevented by plugin options. --><br \/>\nEste lunes por la ma\u00f1ana se registro un nuevo hecho delictivo donde en esta oportunidad sufri\u00f3 las consecuencias una ciudadana que circulaba en la v\u00eda p\u00fablica.<\/p>\n<p>El incidente ocurri\u00f3 en la ma\u00f1ana de este lunes alrededor de las 11 hs en calle Libertad al 800 donde una joven ciudadana que caminaba por la v\u00eda p\u00fablica fue abordada por dos delincuentes que circulaban en una motocicleta 110 cc y a la que le arrebatan una billetera y tel\u00e9fono celular. <\/p>\n<p>Todo qued\u00f3 registrado en una c\u00e1mara de seguridad de una vivienda que se encontraba a unos pocos metros.<\/p>\n<p><iframe data-src=\"https:\/\/www.facebook.com\/plugins\/video.php?href=https%3A%2F%2Fwww.facebook.com%2Feldiario.desanpedro%2Fvideos%2F1406360346163190%2F&#038;show_text=0&#038;width=263\" width=\"263\" height=\"476\" style=\"border:none;overflow:hidden\" scrolling=\"no\" frameborder=\"0\" allowTransparency=\"true\" allowFullScreen=\"true\" src=\"data:image\/svg+xml;base64,PHN2ZyB3aWR0aD0iMSIgaGVpZ2h0PSIxIiB4bWxucz0iaHR0cDovL3d3dy53My5vcmcvMjAwMC9zdmciPjwvc3ZnPg==\" class=\"lazyload\" data-load-mode=\"1\"><\/iframe><\/p>\n","protected":false},"excerpt":{"rendered":"<p>Este lunes por la ma\u00f1ana se registro un nuevo hecho delictivo donde en esta oportunidad sufri\u00f3 las consecuencias una ciudadana que circulaba en la v\u00eda p\u00fablica. El incidente ocurri\u00f3 en la ma\u00f1ana de este lunes alrededor de las 11 hs en calle Libertad al 800 donde una joven ciudadana que caminaba por la v\u00eda p\u00fablica [&hellip;]<\/p>\n","protected":false},"author":4,"featured_media":43414,"comment_status":"open","ping_status":"closed","sticky":false,"template":"","format":"standard","meta":{"om_disable_all_campaigns":false,"_jetpack_memberships_contains_paid_content":false,"footnotes":""},"categories":[50,2,103],"tags":[],"class_list":["post-43413","post","type-post","status-publish","format-standard","has-post-thumbnail","hentry","category-destacadas","category-locales","category-policiales-locales"],"aioseo_notices":[],"gutentor_comment":0,"jetpack_featured_media_url":"https:\/\/eldiariodesanpedro.com.ar\/sitio\/wp-content\/uploads\/2018\/11\/received_331784690705833.jpeg","jetpack_shortlink":"https:\/\/wp.me\/p6RhLt-bid","jetpack_sharing_enabled":true,"_links":{"self":[{"href":"https:\/\/eldiariodesanpedro.com.ar\/sitio\/wp-json\/wp\/v2\/posts\/43413","targetHints":{"allow":["GET"]}}],"collection":[{"href":"https:\/\/eldiariodesanpedro.com.ar\/sitio\/wp-json\/wp\/v2\/posts"}],"about":[{"href":"https:\/\/eldiariodesanpedro.com.ar\/sitio\/wp-json\/wp\/v2\/types\/post"}],"author":[{"embeddable":true,"href":"https:\/\/eldiariodesanpedro.com.ar\/sitio\/wp-json\/wp\/v2\/users\/4"}],"replies":[{"embeddable":true,"href":"https:\/\/eldiariodesanpedro.com.ar\/sitio\/wp-json\/wp\/v2\/comments?post=43413"}],"version-history":[{"count":3,"href":"https:\/\/eldiariodesanpedro.com.ar\/sitio\/wp-json\/wp\/v2\/posts\/43413\/revisions"}],"predecessor-version":[{"id":43446,"href":"https:\/\/eldiariodesanpedro.com.ar\/sitio\/wp-json\/wp\/v2\/posts\/43413\/revisions\/43446"}],"wp:featuredmedia":[{"embeddable":true,"href":"https:\/\/eldiariodesanpedro.com.ar\/sitio\/wp-json\/wp\/v2\/media\/43414"}],"wp:attachment":[{"href":"https:\/\/eldiariodesanpedro.com.ar\/sitio\/wp-json\/wp\/v2\/media?parent=43413"}],"wp:term":[{"taxonomy":"category","embeddable":true,"href":"https:\/\/eldiariodesanpedro.com.ar\/sitio\/wp-json\/wp\/v2\/categories?post=43413"},{"taxonomy":"post_tag","embeddable":true,"href":"https:\/\/eldiariodesanpedro.com.ar\/sitio\/wp-json\/wp\/v2\/tags?post=43413"}],"curies":[{"name":"wp","href":"https:\/\/api.w.org\/{rel}","templated":true}]}}