{"id":43409,"date":"2018-11-16T17:06:12","date_gmt":"2018-11-16T20:06:12","guid":{"rendered":"https:\/\/eldiariodesanpedro.com.ar\/sitio\/?p=43409"},"modified":"2018-11-16T17:06:12","modified_gmt":"2018-11-16T20:06:12","slug":"se-reanuda-la-actividad-portuaria","status":"publish","type":"post","link":"https:\/\/eldiariodesanpedro.com.ar\/sitio\/se-reanuda-la-actividad-portuaria\/","title":{"rendered":"Se reanuda la actividad portuaria"},"content":{"rendered":"<p><!-- VideographyWP Plugin Message: Automatic video embedding prevented by plugin options. --><br \/>\nDesde el Consorcio de Gesti\u00f3n del Puerto de San Pedro se informa que despu\u00e9s de un intenso trabajo realizado por la firma Grobocopatel Hermanos y de tr\u00e1mites y gestiones acompa\u00f1adas desde el directorio y personal se ha reprogramado la carga del buque que deb\u00eda operar el lunes pasado.<br \/>\nLa postergaci\u00f3n  fue necesaria ante el siniestro ocurrido en las instalaciones de Terminal Puerto San Pedro y como resultante de las tareas realizadas ser\u00e1 posible no perder la carga de este buque con todas las connotaciones que esto implica en la generaci\u00f3n de trabajo y en las expectativas que existen alrededor de la firma que ha comenzado a exportar soja y ma\u00edz a granel desde nuestro Puerto.<\/p>\n<p>Adem\u00e1s se comunica el arribo en el d\u00eda de lunes 12, de un buque denominado \u201cVoge Emma\u201d de bandera de liberiana.<br \/>\nEl barco de 186.40 metros de eslora, procede de San Lorenzo, Santa Fe y operar\u00e1 en el muelle elevador, en donde cargar\u00e1 29400 Toneladas de ma\u00edz y porotos de soja aproximadamente con destino a Estados Unidos.<\/p>\n","protected":false},"excerpt":{"rendered":"<p>Desde el Consorcio de Gesti\u00f3n del Puerto de San Pedro se informa que despu\u00e9s de un intenso trabajo realizado por la firma Grobocopatel Hermanos y de tr\u00e1mites y gestiones acompa\u00f1adas desde el directorio y personal se ha reprogramado la carga del buque que deb\u00eda operar el lunes pasado. La postergaci\u00f3n fue necesaria ante el siniestro [&hellip;]<\/p>\n","protected":false},"author":4,"featured_media":43411,"comment_status":"open","ping_status":"closed","sticky":false,"template":"","format":"standard","meta":{"om_disable_all_campaigns":false,"_jetpack_memberships_contains_paid_content":false,"footnotes":""},"categories":[101,2],"tags":[],"class_list":["post-43409","post","type-post","status-publish","format-standard","has-post-thumbnail","hentry","category-interes-general-locales","category-locales"],"aioseo_notices":[],"gutentor_comment":0,"jetpack_featured_media_url":"https:\/\/eldiariodesanpedro.com.ar\/sitio\/wp-content\/uploads\/2018\/11\/VOGE_EMMA.jpg","jetpack_shortlink":"https:\/\/wp.me\/p6RhLt-bi9","jetpack_sharing_enabled":true,"_links":{"self":[{"href":"https:\/\/eldiariodesanpedro.com.ar\/sitio\/wp-json\/wp\/v2\/posts\/43409","targetHints":{"allow":["GET"]}}],"collection":[{"href":"https:\/\/eldiariodesanpedro.com.ar\/sitio\/wp-json\/wp\/v2\/posts"}],"about":[{"href":"https:\/\/eldiariodesanpedro.com.ar\/sitio\/wp-json\/wp\/v2\/types\/post"}],"author":[{"embeddable":true,"href":"https:\/\/eldiariodesanpedro.com.ar\/sitio\/wp-json\/wp\/v2\/users\/4"}],"replies":[{"embeddable":true,"href":"https:\/\/eldiariodesanpedro.com.ar\/sitio\/wp-json\/wp\/v2\/comments?post=43409"}],"version-history":[{"count":2,"href":"https:\/\/eldiariodesanpedro.com.ar\/sitio\/wp-json\/wp\/v2\/posts\/43409\/revisions"}],"predecessor-version":[{"id":43697,"href":"https:\/\/eldiariodesanpedro.com.ar\/sitio\/wp-json\/wp\/v2\/posts\/43409\/revisions\/43697"}],"wp:featuredmedia":[{"embeddable":true,"href":"https:\/\/eldiariodesanpedro.com.ar\/sitio\/wp-json\/wp\/v2\/media\/43411"}],"wp:attachment":[{"href":"https:\/\/eldiariodesanpedro.com.ar\/sitio\/wp-json\/wp\/v2\/media?parent=43409"}],"wp:term":[{"taxonomy":"category","embeddable":true,"href":"https:\/\/eldiariodesanpedro.com.ar\/sitio\/wp-json\/wp\/v2\/categories?post=43409"},{"taxonomy":"post_tag","embeddable":true,"href":"https:\/\/eldiariodesanpedro.com.ar\/sitio\/wp-json\/wp\/v2\/tags?post=43409"}],"curies":[{"name":"wp","href":"https:\/\/api.w.org\/{rel}","templated":true}]}}