{"id":43405,"date":"2018-11-12T10:52:44","date_gmt":"2018-11-12T13:52:44","guid":{"rendered":"https:\/\/eldiariodesanpedro.com.ar\/sitio\/?p=43405"},"modified":"2018-11-12T10:52:44","modified_gmt":"2018-11-12T13:52:44","slug":"san-nicolas-tiene-la-tasa-mas-alta-de-abusos-sexuales","status":"publish","type":"post","link":"https:\/\/eldiariodesanpedro.com.ar\/sitio\/san-nicolas-tiene-la-tasa-mas-alta-de-abusos-sexuales\/","title":{"rendered":"San Nicol\u00e1s tiene la tasa m\u00e1s alta de abusos sexuales"},"content":{"rendered":"<p><!-- VideographyWP Plugin Message: Automatic video embedding prevented by plugin options. --><br \/>\nDe acuerdo a un informe publicado este lunes en el diario LA NACI\u00d3N, aumentaron un 55% las denuncias de abusos sexuales de menores en Buenos Aires en un periodo de dos a\u00f1os.<\/p>\n<p>Seg\u00fan datos de la Procuraci\u00f3n General de provincia, en octubre hab\u00eda 7667 casos y se prev\u00e9 que a fines del 2018 sumen 9200. <\/p>\n<p>Se tratar\u00eda de un 55% m\u00e1s que en 2016, cuando hubo 5947 hechos reportados.<\/p>\n<p>En lo que va del a\u00f1o se judicializaron un promedio de 18 causas por d\u00eda. Y de la informaci\u00f3n aportada por los 19 departamentos judiciales, se desprende que este tipo de delitos, que incluye violaciones, grooming y facilitaci\u00f3n de la prostituci\u00f3n de menores, ha aumentado un 34% entre 2016 y 2017.<\/p>\n<p>San Nicol\u00e1s tuvo la tasa m\u00e1s alta en la provincia, en relaci\u00f3n con la cantidad de la poblaci\u00f3n. Mientras que Necochea tuvo la tasa m\u00e1s baja.<\/p>\n<p>As\u00ed mismo, en n\u00fameros netos, el Departamento Judicial de Lomas de Zamora encabez\u00f3 el ranking de este tipo de delitos.<\/p>\n<p>Fuente: La Naci\u00f3n<\/p>\n","protected":false},"excerpt":{"rendered":"<p>De acuerdo a un informe publicado este lunes en el diario LA NACI\u00d3N, aumentaron un 55% las denuncias de abusos sexuales de menores en Buenos Aires en un periodo de dos a\u00f1os. Seg\u00fan datos de la Procuraci\u00f3n General de provincia, en octubre hab\u00eda 7667 casos y se prev\u00e9 que a fines del 2018 sumen 9200. [&hellip;]<\/p>\n","protected":false},"author":4,"featured_media":43407,"comment_status":"open","ping_status":"closed","sticky":false,"template":"","format":"standard","meta":{"om_disable_all_campaigns":false,"_jetpack_memberships_contains_paid_content":false,"footnotes":""},"categories":[621],"tags":[],"class_list":["post-43405","post","type-post","status-publish","format-standard","has-post-thumbnail","hentry","category-regionales"],"aioseo_notices":[],"gutentor_comment":0,"jetpack_featured_media_url":"https:\/\/eldiariodesanpedro.com.ar\/sitio\/wp-content\/uploads\/2018\/11\/no_gw010nnbaz5ytlynop1c7bha21v14qme6e1ilolf41jkd1.jpg","jetpack_shortlink":"https:\/\/wp.me\/p6RhLt-bi5","jetpack_sharing_enabled":true,"_links":{"self":[{"href":"https:\/\/eldiariodesanpedro.com.ar\/sitio\/wp-json\/wp\/v2\/posts\/43405","targetHints":{"allow":["GET"]}}],"collection":[{"href":"https:\/\/eldiariodesanpedro.com.ar\/sitio\/wp-json\/wp\/v2\/posts"}],"about":[{"href":"https:\/\/eldiariodesanpedro.com.ar\/sitio\/wp-json\/wp\/v2\/types\/post"}],"author":[{"embeddable":true,"href":"https:\/\/eldiariodesanpedro.com.ar\/sitio\/wp-json\/wp\/v2\/users\/4"}],"replies":[{"embeddable":true,"href":"https:\/\/eldiariodesanpedro.com.ar\/sitio\/wp-json\/wp\/v2\/comments?post=43405"}],"version-history":[{"count":1,"href":"https:\/\/eldiariodesanpedro.com.ar\/sitio\/wp-json\/wp\/v2\/posts\/43405\/revisions"}],"predecessor-version":[{"id":43408,"href":"https:\/\/eldiariodesanpedro.com.ar\/sitio\/wp-json\/wp\/v2\/posts\/43405\/revisions\/43408"}],"wp:featuredmedia":[{"embeddable":true,"href":"https:\/\/eldiariodesanpedro.com.ar\/sitio\/wp-json\/wp\/v2\/media\/43407"}],"wp:attachment":[{"href":"https:\/\/eldiariodesanpedro.com.ar\/sitio\/wp-json\/wp\/v2\/media?parent=43405"}],"wp:term":[{"taxonomy":"category","embeddable":true,"href":"https:\/\/eldiariodesanpedro.com.ar\/sitio\/wp-json\/wp\/v2\/categories?post=43405"},{"taxonomy":"post_tag","embeddable":true,"href":"https:\/\/eldiariodesanpedro.com.ar\/sitio\/wp-json\/wp\/v2\/tags?post=43405"}],"curies":[{"name":"wp","href":"https:\/\/api.w.org\/{rel}","templated":true}]}}