{"id":43400,"date":"2018-11-12T10:43:00","date_gmt":"2018-11-12T13:43:00","guid":{"rendered":"https:\/\/eldiariodesanpedro.com.ar\/sitio\/?p=43400"},"modified":"2018-11-12T10:43:00","modified_gmt":"2018-11-12T13:43:00","slug":"san-nicolas-sujeto-habria-manoseado-a-una-mujer-y-fue-atacado-por-civiles","status":"publish","type":"post","link":"https:\/\/eldiariodesanpedro.com.ar\/sitio\/san-nicolas-sujeto-habria-manoseado-a-una-mujer-y-fue-atacado-por-civiles\/","title":{"rendered":"San Nicolas: Sujeto habr\u00eda manoseado a una mujer y fue atacado por civiles"},"content":{"rendered":"<p><!-- VideographyWP Plugin Message: Automatic video embedding prevented by plugin options. --><br \/>\nPersonal policial de la Comisar\u00eda Primera y la Polic\u00eda Local, intervinieron en un conflicto que se estaba desarrollando en la v\u00eda p\u00fablica.<\/p>\n<p>Un sujeto de 24 a\u00f1os estaba siendo \u00ablinchado\u00bb por un grupo de personas en calle Mitre y 9 de Julio. Una mujer de 19 a\u00f1os hab\u00eda manifestado que esta persona la hab\u00eda tocado en sus partes \u00edntima.<\/p>\n<p>El hombre fue aprehendido e imputado de Abuso Sexual Simple. El hecho es investigado por la fiscal\u00eda en turno.<\/p>\n<p>Fuente: Diario El Informante<\/p>\n","protected":false},"excerpt":{"rendered":"<p>Personal policial de la Comisar\u00eda Primera y la Polic\u00eda Local, intervinieron en un conflicto que se estaba desarrollando en la v\u00eda p\u00fablica. Un sujeto de 24 a\u00f1os estaba siendo \u00ablinchado\u00bb por un grupo de personas en calle Mitre y 9 de Julio. Una mujer de 19 a\u00f1os hab\u00eda manifestado que esta persona la hab\u00eda tocado [&hellip;]<\/p>\n","protected":false},"author":4,"featured_media":43401,"comment_status":"open","ping_status":"closed","sticky":false,"template":"","format":"standard","meta":{"om_disable_all_campaigns":false,"_jetpack_memberships_contains_paid_content":false,"footnotes":""},"categories":[621],"tags":[],"class_list":["post-43400","post","type-post","status-publish","format-standard","has-post-thumbnail","hentry","category-regionales"],"aioseo_notices":[],"gutentor_comment":0,"jetpack_featured_media_url":"https:\/\/eldiariodesanpedro.com.ar\/sitio\/wp-content\/uploads\/2018\/11\/no_3xgcdv4ah8hrw6unop1cqdsctp514kc18ggqtj1k1m1m0c1.jpg","jetpack_shortlink":"https:\/\/wp.me\/p6RhLt-bi0","jetpack_sharing_enabled":true,"_links":{"self":[{"href":"https:\/\/eldiariodesanpedro.com.ar\/sitio\/wp-json\/wp\/v2\/posts\/43400","targetHints":{"allow":["GET"]}}],"collection":[{"href":"https:\/\/eldiariodesanpedro.com.ar\/sitio\/wp-json\/wp\/v2\/posts"}],"about":[{"href":"https:\/\/eldiariodesanpedro.com.ar\/sitio\/wp-json\/wp\/v2\/types\/post"}],"author":[{"embeddable":true,"href":"https:\/\/eldiariodesanpedro.com.ar\/sitio\/wp-json\/wp\/v2\/users\/4"}],"replies":[{"embeddable":true,"href":"https:\/\/eldiariodesanpedro.com.ar\/sitio\/wp-json\/wp\/v2\/comments?post=43400"}],"version-history":[{"count":1,"href":"https:\/\/eldiariodesanpedro.com.ar\/sitio\/wp-json\/wp\/v2\/posts\/43400\/revisions"}],"predecessor-version":[{"id":43402,"href":"https:\/\/eldiariodesanpedro.com.ar\/sitio\/wp-json\/wp\/v2\/posts\/43400\/revisions\/43402"}],"wp:featuredmedia":[{"embeddable":true,"href":"https:\/\/eldiariodesanpedro.com.ar\/sitio\/wp-json\/wp\/v2\/media\/43401"}],"wp:attachment":[{"href":"https:\/\/eldiariodesanpedro.com.ar\/sitio\/wp-json\/wp\/v2\/media?parent=43400"}],"wp:term":[{"taxonomy":"category","embeddable":true,"href":"https:\/\/eldiariodesanpedro.com.ar\/sitio\/wp-json\/wp\/v2\/categories?post=43400"},{"taxonomy":"post_tag","embeddable":true,"href":"https:\/\/eldiariodesanpedro.com.ar\/sitio\/wp-json\/wp\/v2\/tags?post=43400"}],"curies":[{"name":"wp","href":"https:\/\/api.w.org\/{rel}","templated":true}]}}