{"id":43399,"date":"2018-11-12T10:43:41","date_gmt":"2018-11-12T13:43:41","guid":{"rendered":"https:\/\/eldiariodesanpedro.com.ar\/sitio\/?p=43399"},"modified":"2018-11-12T10:53:03","modified_gmt":"2018-11-12T13:53:03","slug":"dos-aprehendidos-en-estado-de-ebriedad-en-santa-lucia","status":"publish","type":"post","link":"https:\/\/eldiariodesanpedro.com.ar\/sitio\/dos-aprehendidos-en-estado-de-ebriedad-en-santa-lucia\/","title":{"rendered":"Dos aprehendidos en estado de ebriedad en Santa Lucia"},"content":{"rendered":"<p><!-- VideographyWP Plugin Message: Automatic video embedding prevented by plugin options. --><br \/>\nEn la localidad de Santa Luc\u00eda durante la tarde del domingo, el personal destacamento procedi\u00f3 a la aprehensi\u00f3n de dos masculinos mayores de edad, quienes se hallaban al momento de ser identificado por el m\u00f3vil policial  en evidente estado de ebriedad, ocasionando disturbios en estaci\u00f3n ferroviaria. <\/p>\n<p>Fueron reducidos por los efectivos y traslados a la dependencia local, se labraron actuaciones contravencionales as\u00ed los ciudadanos con intervenci\u00f3n del Juzgado de Paz de San Pedro.-<\/p>\n","protected":false},"excerpt":{"rendered":"<p>En la localidad de Santa Luc\u00eda durante la tarde del domingo, el personal destacamento procedi\u00f3 a la aprehensi\u00f3n de dos masculinos mayores de edad, quienes se hallaban al momento de ser identificado por el m\u00f3vil policial en evidente estado de ebriedad, ocasionando disturbios en estaci\u00f3n ferroviaria. Fueron reducidos por los efectivos y traslados a la [&hellip;]<\/p>\n","protected":false},"author":4,"featured_media":33688,"comment_status":"open","ping_status":"closed","sticky":false,"template":"","format":"standard","meta":{"om_disable_all_campaigns":false,"_jetpack_memberships_contains_paid_content":false,"footnotes":""},"categories":[2,103],"tags":[],"class_list":["post-43399","post","type-post","status-publish","format-standard","has-post-thumbnail","hentry","category-locales","category-policiales-locales"],"aioseo_notices":[],"gutentor_comment":0,"jetpack_featured_media_url":"https:\/\/eldiariodesanpedro.com.ar\/sitio\/wp-content\/uploads\/2018\/05\/detenidos-4.jpg","jetpack_shortlink":"https:\/\/wp.me\/p6RhLt-bhZ","jetpack_sharing_enabled":true,"_links":{"self":[{"href":"https:\/\/eldiariodesanpedro.com.ar\/sitio\/wp-json\/wp\/v2\/posts\/43399","targetHints":{"allow":["GET"]}}],"collection":[{"href":"https:\/\/eldiariodesanpedro.com.ar\/sitio\/wp-json\/wp\/v2\/posts"}],"about":[{"href":"https:\/\/eldiariodesanpedro.com.ar\/sitio\/wp-json\/wp\/v2\/types\/post"}],"author":[{"embeddable":true,"href":"https:\/\/eldiariodesanpedro.com.ar\/sitio\/wp-json\/wp\/v2\/users\/4"}],"replies":[{"embeddable":true,"href":"https:\/\/eldiariodesanpedro.com.ar\/sitio\/wp-json\/wp\/v2\/comments?post=43399"}],"version-history":[{"count":1,"href":"https:\/\/eldiariodesanpedro.com.ar\/sitio\/wp-json\/wp\/v2\/posts\/43399\/revisions"}],"predecessor-version":[{"id":43403,"href":"https:\/\/eldiariodesanpedro.com.ar\/sitio\/wp-json\/wp\/v2\/posts\/43399\/revisions\/43403"}],"wp:featuredmedia":[{"embeddable":true,"href":"https:\/\/eldiariodesanpedro.com.ar\/sitio\/wp-json\/wp\/v2\/media\/33688"}],"wp:attachment":[{"href":"https:\/\/eldiariodesanpedro.com.ar\/sitio\/wp-json\/wp\/v2\/media?parent=43399"}],"wp:term":[{"taxonomy":"category","embeddable":true,"href":"https:\/\/eldiariodesanpedro.com.ar\/sitio\/wp-json\/wp\/v2\/categories?post=43399"},{"taxonomy":"post_tag","embeddable":true,"href":"https:\/\/eldiariodesanpedro.com.ar\/sitio\/wp-json\/wp\/v2\/tags?post=43399"}],"curies":[{"name":"wp","href":"https:\/\/api.w.org\/{rel}","templated":true}]}}