{"id":43391,"date":"2018-11-12T10:21:27","date_gmt":"2018-11-12T13:21:27","guid":{"rendered":"https:\/\/eldiariodesanpedro.com.ar\/sitio\/?p=43391"},"modified":"2018-11-12T10:21:27","modified_gmt":"2018-11-12T13:21:27","slug":"recuperan-una-motocicleta-robada-en-baradero","status":"publish","type":"post","link":"https:\/\/eldiariodesanpedro.com.ar\/sitio\/recuperan-una-motocicleta-robada-en-baradero\/","title":{"rendered":"Recuperan una motocicleta robada en Baradero"},"content":{"rendered":"<p><!-- VideographyWP Plugin Message: Automatic video embedding prevented by plugin options. --><br \/>\nEn operativo de interceptaci\u00f3n vehicular este domingo en horas de la tarde, en calle Av. Tres de Febrero y An\u00edbal de Ant\u00f3n, se procede a la aprehension de masculino  mayor de edad, quien se movilizaba en motocicleta Honda Biz 125 cc, el que registra pedido de secuestro activo por el delito de hurto, solicitado por la UFI N\u00b0 9 Baradero.<\/p>\n<p> Actuaciones intervenci\u00f3n UFI N\u00b0 11 de San Pedro, disponi\u00e9ndose notificaci\u00f3n de la causa, recaudos legales y posterior libertad del conductor.<\/p>\n","protected":false},"excerpt":{"rendered":"<p>En operativo de interceptaci\u00f3n vehicular este domingo en horas de la tarde, en calle Av. Tres de Febrero y An\u00edbal de Ant\u00f3n, se procede a la aprehension de masculino mayor de edad, quien se movilizaba en motocicleta Honda Biz 125 cc, el que registra pedido de secuestro activo por el delito de hurto, solicitado por [&hellip;]<\/p>\n","protected":false},"author":4,"featured_media":11797,"comment_status":"open","ping_status":"closed","sticky":false,"template":"","format":"standard","meta":{"om_disable_all_campaigns":false,"_jetpack_memberships_contains_paid_content":false,"footnotes":""},"categories":[2,103],"tags":[],"class_list":["post-43391","post","type-post","status-publish","format-standard","has-post-thumbnail","hentry","category-locales","category-policiales-locales"],"aioseo_notices":[],"gutentor_comment":0,"jetpack_featured_media_url":"https:\/\/eldiariodesanpedro.com.ar\/sitio\/wp-content\/uploads\/2016\/12\/moto-secuestrada.jpg","jetpack_shortlink":"https:\/\/wp.me\/p6RhLt-bhR","jetpack_sharing_enabled":true,"_links":{"self":[{"href":"https:\/\/eldiariodesanpedro.com.ar\/sitio\/wp-json\/wp\/v2\/posts\/43391","targetHints":{"allow":["GET"]}}],"collection":[{"href":"https:\/\/eldiariodesanpedro.com.ar\/sitio\/wp-json\/wp\/v2\/posts"}],"about":[{"href":"https:\/\/eldiariodesanpedro.com.ar\/sitio\/wp-json\/wp\/v2\/types\/post"}],"author":[{"embeddable":true,"href":"https:\/\/eldiariodesanpedro.com.ar\/sitio\/wp-json\/wp\/v2\/users\/4"}],"replies":[{"embeddable":true,"href":"https:\/\/eldiariodesanpedro.com.ar\/sitio\/wp-json\/wp\/v2\/comments?post=43391"}],"version-history":[{"count":1,"href":"https:\/\/eldiariodesanpedro.com.ar\/sitio\/wp-json\/wp\/v2\/posts\/43391\/revisions"}],"predecessor-version":[{"id":43392,"href":"https:\/\/eldiariodesanpedro.com.ar\/sitio\/wp-json\/wp\/v2\/posts\/43391\/revisions\/43392"}],"wp:featuredmedia":[{"embeddable":true,"href":"https:\/\/eldiariodesanpedro.com.ar\/sitio\/wp-json\/wp\/v2\/media\/11797"}],"wp:attachment":[{"href":"https:\/\/eldiariodesanpedro.com.ar\/sitio\/wp-json\/wp\/v2\/media?parent=43391"}],"wp:term":[{"taxonomy":"category","embeddable":true,"href":"https:\/\/eldiariodesanpedro.com.ar\/sitio\/wp-json\/wp\/v2\/categories?post=43391"},{"taxonomy":"post_tag","embeddable":true,"href":"https:\/\/eldiariodesanpedro.com.ar\/sitio\/wp-json\/wp\/v2\/tags?post=43391"}],"curies":[{"name":"wp","href":"https:\/\/api.w.org\/{rel}","templated":true}]}}