{"id":43390,"date":"2018-11-12T10:35:13","date_gmt":"2018-11-12T13:35:13","guid":{"rendered":"https:\/\/eldiariodesanpedro.com.ar\/sitio\/?p=43390"},"modified":"2018-11-12T10:35:13","modified_gmt":"2018-11-12T13:35:13","slug":"zarate-inundada-estamos-con-el-agua-por-los-tobillos","status":"publish","type":"post","link":"https:\/\/eldiariodesanpedro.com.ar\/sitio\/zarate-inundada-estamos-con-el-agua-por-los-tobillos\/","title":{"rendered":"Z\u00e1rate inundada: \u201cestamos con el agua por los tobillos\u201d"},"content":{"rendered":"<p><!-- VideographyWP Plugin Message: Automatic video embedding prevented by plugin options. --><br \/>\nEn las \u00faltimas horas vecinos de m\u00faltiples barrios de la ciudad denunciaron a la redacci\u00f3n de Z\u00e1rate Alerta numerosas inundaciones de calles y viviendas producto de la intensa tormenta.<\/p>\n<p>\u201cNo pudimos dormir en toda la noche, no par\u00f3 de entrar agua, de mojarnos todo lo que ten\u00edamos. Afuera colaps\u00f3 todo y se nos empez\u00f3 a meter adentro\u201d, explic\u00f3 angustiada Zulema Dulio, residente de Barrio Z\u00e1rate. El agua no dio tregua desde las primeras horas de la tarde y un aut\u00e9ntico diluvio azot\u00f3 la ciudad. <\/p>\n<p>\u201cVinieron los de la Municipalidad para la foto y ahora tenemos que estar inundados. Nunca en 30 a\u00f1os pas\u00f3 algo as\u00ed hasta que ellos tocaron, se sacaron las fotos y se fueron\u201d, cont\u00f3 por su parte Julieta Fredes, de FONAVI. Otros de los tantos lugares en cr\u00edtica situaci\u00f3n son: Pitrau, Villa Fox, Juana Mar\u00eda, Cementerio, San Miguel, Los Pone los, Villa Negri, entre otros.<\/p>\n<p>La localidad de Lima, tras solicitar reiteradas veces el arreglo de sus calles por situaciones de igual car\u00e1cter, tuvieron nuevamente el mismo problema: \u201cestamos hartos de ser el patio trasero de Z\u00e1rate, que nos conformen con un poco de tosca. Ahora C\u00e1ffaro no va a venir a sacarme en 4\u00d74, tengo que mojarme hasta la cintura para salir por obras mal echas\u201d, sentenci\u00f3 Hilda Contreras de calle 20.<\/p>\n<p><img decoding=\"async\" data-attachment-id=\"43394\" data-permalink=\"https:\/\/eldiariodesanpedro.com.ar\/sitio\/zarate-inundada-estamos-con-el-agua-por-los-tobillos\/descarga-1-2\/\" data-orig-file=\"https:\/\/eldiariodesanpedro.com.ar\/sitio\/wp-content\/uploads\/2018\/11\/descarga-1.jpg\" data-orig-size=\"259,194\" data-comments-opened=\"1\" data-image-meta=\"{&quot;aperture&quot;:&quot;0&quot;,&quot;credit&quot;:&quot;&quot;,&quot;camera&quot;:&quot;&quot;,&quot;caption&quot;:&quot;&quot;,&quot;created_timestamp&quot;:&quot;0&quot;,&quot;copyright&quot;:&quot;&quot;,&quot;focal_length&quot;:&quot;0&quot;,&quot;iso&quot;:&quot;0&quot;,&quot;shutter_speed&quot;:&quot;0&quot;,&quot;title&quot;:&quot;&quot;,&quot;orientation&quot;:&quot;0&quot;}\" data-image-title=\"descarga (1)\" data-image-description=\"\" data-image-caption=\"\" data-large-file=\"https:\/\/eldiariodesanpedro.com.ar\/sitio\/wp-content\/uploads\/2018\/11\/descarga-1.jpg\" data-src=\"https:\/\/eldiariodesanpedro.com.ar\/sitio\/wp-content\/uploads\/2018\/11\/descarga-1.jpg\" alt=\"\" width=\"259\" height=\"194\" class=\"alignnone size-full wp-image-43394 lazyload\" src=\"data:image\/svg+xml;base64,PHN2ZyB3aWR0aD0iMSIgaGVpZ2h0PSIxIiB4bWxucz0iaHR0cDovL3d3dy53My5vcmcvMjAwMC9zdmciPjwvc3ZnPg==\" style=\"--smush-placeholder-width: 259px; --smush-placeholder-aspect-ratio: 259\/194;\" \/><\/p>\n<p><img decoding=\"async\" data-attachment-id=\"43395\" data-permalink=\"https:\/\/eldiariodesanpedro.com.ar\/sitio\/zarate-inundada-estamos-con-el-agua-por-los-tobillos\/descarga-17\/\" data-orig-file=\"https:\/\/eldiariodesanpedro.com.ar\/sitio\/wp-content\/uploads\/2018\/11\/descarga-2.jpg\" data-orig-size=\"312,162\" data-comments-opened=\"1\" data-image-meta=\"{&quot;aperture&quot;:&quot;0&quot;,&quot;credit&quot;:&quot;&quot;,&quot;camera&quot;:&quot;&quot;,&quot;caption&quot;:&quot;&quot;,&quot;created_timestamp&quot;:&quot;0&quot;,&quot;copyright&quot;:&quot;&quot;,&quot;focal_length&quot;:&quot;0&quot;,&quot;iso&quot;:&quot;0&quot;,&quot;shutter_speed&quot;:&quot;0&quot;,&quot;title&quot;:&quot;&quot;,&quot;orientation&quot;:&quot;0&quot;}\" data-image-title=\"descarga\" data-image-description=\"\" data-image-caption=\"\" data-large-file=\"https:\/\/eldiariodesanpedro.com.ar\/sitio\/wp-content\/uploads\/2018\/11\/descarga-2.jpg\" data-src=\"https:\/\/eldiariodesanpedro.com.ar\/sitio\/wp-content\/uploads\/2018\/11\/descarga-2.jpg\" alt=\"\" width=\"312\" height=\"162\" class=\"alignnone size-full wp-image-43395 lazyload\" data-srcset=\"https:\/\/eldiariodesanpedro.com.ar\/sitio\/wp-content\/uploads\/2018\/11\/descarga-2.jpg 312w, https:\/\/eldiariodesanpedro.com.ar\/sitio\/wp-content\/uploads\/2018\/11\/descarga-2-300x156.jpg 300w\" data-sizes=\"(max-width: 312px) 100vw, 312px\" src=\"data:image\/svg+xml;base64,PHN2ZyB3aWR0aD0iMSIgaGVpZ2h0PSIxIiB4bWxucz0iaHR0cDovL3d3dy53My5vcmcvMjAwMC9zdmciPjwvc3ZnPg==\" style=\"--smush-placeholder-width: 312px; --smush-placeholder-aspect-ratio: 312\/162;\" \/><\/p>\n","protected":false},"excerpt":{"rendered":"<p>En las \u00faltimas horas vecinos de m\u00faltiples barrios de la ciudad denunciaron a la redacci\u00f3n de Z\u00e1rate Alerta numerosas inundaciones de calles y viviendas producto de la intensa tormenta. \u201cNo pudimos dormir en toda la noche, no par\u00f3 de entrar agua, de mojarnos todo lo que ten\u00edamos. Afuera colaps\u00f3 todo y se nos empez\u00f3 a [&hellip;]<\/p>\n","protected":false},"author":4,"featured_media":43396,"comment_status":"open","ping_status":"closed","sticky":false,"template":"","format":"standard","meta":{"om_disable_all_campaigns":false,"_jetpack_memberships_contains_paid_content":false,"footnotes":""},"categories":[621],"tags":[],"class_list":["post-43390","post","type-post","status-publish","format-standard","has-post-thumbnail","hentry","category-regionales"],"aioseo_notices":[],"gutentor_comment":0,"jetpack_featured_media_url":"https:\/\/eldiariodesanpedro.com.ar\/sitio\/wp-content\/uploads\/2018\/11\/Peru-inundada.jpg","jetpack_shortlink":"https:\/\/wp.me\/p6RhLt-bhQ","jetpack_sharing_enabled":true,"_links":{"self":[{"href":"https:\/\/eldiariodesanpedro.com.ar\/sitio\/wp-json\/wp\/v2\/posts\/43390","targetHints":{"allow":["GET"]}}],"collection":[{"href":"https:\/\/eldiariodesanpedro.com.ar\/sitio\/wp-json\/wp\/v2\/posts"}],"about":[{"href":"https:\/\/eldiariodesanpedro.com.ar\/sitio\/wp-json\/wp\/v2\/types\/post"}],"author":[{"embeddable":true,"href":"https:\/\/eldiariodesanpedro.com.ar\/sitio\/wp-json\/wp\/v2\/users\/4"}],"replies":[{"embeddable":true,"href":"https:\/\/eldiariodesanpedro.com.ar\/sitio\/wp-json\/wp\/v2\/comments?post=43390"}],"version-history":[{"count":1,"href":"https:\/\/eldiariodesanpedro.com.ar\/sitio\/wp-json\/wp\/v2\/posts\/43390\/revisions"}],"predecessor-version":[{"id":43397,"href":"https:\/\/eldiariodesanpedro.com.ar\/sitio\/wp-json\/wp\/v2\/posts\/43390\/revisions\/43397"}],"wp:featuredmedia":[{"embeddable":true,"href":"https:\/\/eldiariodesanpedro.com.ar\/sitio\/wp-json\/wp\/v2\/media\/43396"}],"wp:attachment":[{"href":"https:\/\/eldiariodesanpedro.com.ar\/sitio\/wp-json\/wp\/v2\/media?parent=43390"}],"wp:term":[{"taxonomy":"category","embeddable":true,"href":"https:\/\/eldiariodesanpedro.com.ar\/sitio\/wp-json\/wp\/v2\/categories?post=43390"},{"taxonomy":"post_tag","embeddable":true,"href":"https:\/\/eldiariodesanpedro.com.ar\/sitio\/wp-json\/wp\/v2\/tags?post=43390"}],"curies":[{"name":"wp","href":"https:\/\/api.w.org\/{rel}","templated":true}]}}